{"id":29058,"date":"2015-08-27T17:36:20","date_gmt":"2015-08-27T14:36:20","guid":{"rendered":"http:\/\/sana.sy\/es\/?p=29058"},"modified":"2015-08-27T17:36:20","modified_gmt":"2015-08-27T14:36:20","slug":"al-halqui-debate-cooperacion-bilateral-con-el-embajador-de-sudan-en-damasco","status":"publish","type":"post","link":"https:\/\/archive.sana.sy\/es\/?p=29058","title":{"rendered":"Al Halqui debate cooperaci\u00f3n bilateral con el Embajador de Sud\u00e1n en Damasco"},"content":{"rendered":"<p><span style=\"color: #800000\">Damasco, SANA<\/span><\/p>\n<p>El Primer ministro el Dr. Wael Al Halaqui se reuni\u00f3 este jueves con el embajador de Sud\u00e1n en Damasco, donde ambas partes debatieron las medidas de activar los acuerdos firmados entre los dos pa\u00edses a fin de promover el intercambio comercial, cultural, agrario e industrial.<\/p>\n<p>Al Halqui reiter\u00f3 el inter\u00e9s del Gobierno sirio en desarrollar las relaciones de cooperaci\u00f3n entre los dos pa\u00edses, resaltando la necesidad de reforzar la seguridad nacional \u00e1rabe y lograr la complementariedad econ\u00f3mica, intelectual, cultural y de seguridad entre los pa\u00edses \u00e1rabes, adem\u00e1s de activar el papel de la Liga \u00c1rabe que se distancia de las metas, las cuestiones y la identidad de la naci\u00f3n \u00e1rabe.<\/p>\n<p>El jefe del Gabinete denunci\u00f3 que algunos reg\u00edmenes \u00e1rabes corruptos se han convertido en lacayos de Occidente, lo que caus\u00f3 el colapso del sistema de la seguridad nacional \u00e1rabe.<\/p>\n<p>Asimismo se\u00f1al\u00f3 que Siria padece\u00a0una guerra terrorista debido a sus posturas principistas en apoyo de las causas \u00e1rabes y los movimientos de la resistencia, ratificando que esta naci\u00f3n seguir\u00e1 siendo el baluarte del mundo \u00e1rabe pese a las conspiraciones urdidas en su contra por algunos pa\u00edses cercanos.<\/p>\n<p>Por su parte el Embajador del Sud\u00e1n expres\u00f3 la voluntad de su gobierno de\u00a0revitalizar las relaciones bilaterales y fortalecer la cooperaci\u00f3n con Siria.<\/p>\n<p>En este contexto, aludi\u00f3 a la posibilidad de que empresas sudaneses realicen proyectos en varios \u00e1mbitos en Siria, especialmente los agr\u00edcola, alimentario, industrial y farmac\u00e9utico.<br \/>\nHala B., Lynn A.<\/p>\n","protected":false},"excerpt":{"rendered":"<p>Damasco, SANA El Primer ministro el Dr. Wael Al Halaqui se reuni\u00f3 este jueves con el embajador de Sud\u00e1n en Damasco, donde ambas partes debatieron las medidas de activar los acuerdos firmados entre los dos pa\u00edses a fin de promover el intercambio comercial, cultural, agrario e industrial. Al Halqui reiter\u00f3 el inter\u00e9s del Gobierno sirio &hellip;<\/p>\n","protected":false},"author":24,"featured_media":29059,"comment_status":"closed","ping_status":"closed","sticky":false,"template":"","format":"standard","meta":{"footnotes":""},"categories":[477,476],"tags":[6428],"class_list":["post-29058","post","type-post","status-publish","format-standard","has-post-thumbnail","","category-noticias-edulcorantes","category-locales","tag-al-halqui-debate-la-cooperacion-bilateral-con-el-embajador-de-sudan-en-damasco"],"_links":{"self":[{"href":"https:\/\/archive.sana.sy\/es\/index.php?rest_route=\/wp\/v2\/posts\/29058"}],"collection":[{"href":"https:\/\/archive.sana.sy\/es\/index.php?rest_route=\/wp\/v2\/posts"}],"about":[{"href":"https:\/\/archive.sana.sy\/es\/index.php?rest_route=\/wp\/v2\/types\/post"}],"author":[{"embeddable":true,"href":"https:\/\/archive.sana.sy\/es\/index.php?rest_route=\/wp\/v2\/users\/24"}],"replies":[{"embeddable":true,"href":"https:\/\/archive.sana.sy\/es\/index.php?rest_route=%2Fwp%2Fv2%2Fcomments&post=29058"}],"version-history":[{"count":0,"href":"https:\/\/archive.sana.sy\/es\/index.php?rest_route=\/wp\/v2\/posts\/29058\/revisions"}],"wp:featuredmedia":[{"embeddable":true,"href":"https:\/\/archive.sana.sy\/es\/index.php?rest_route=\/wp\/v2\/media\/29059"}],"wp:attachment":[{"href":"https:\/\/archive.sana.sy\/es\/index.php?rest_route=%2Fwp%2Fv2%2Fmedia&parent=29058"}],"wp:term":[{"taxonomy":"category","embeddable":true,"href":"https:\/\/archive.sana.sy\/es\/index.php?rest_route=%2Fwp%2Fv2%2Fcategories&post=29058"},{"taxonomy":"post_tag","embeddable":true,"href":"https:\/\/archive.sana.sy\/es\/index.php?rest_route=%2Fwp%2Fv2%2Ftags&post=29058"}],"curies":[{"name":"wp","href":"https:\/\/api.w.org\/{rel}","templated":true}]}}