{"id":290585,"date":"2023-03-11T18:30:01","date_gmt":"2023-03-11T15:30:01","guid":{"rendered":"https:\/\/sana.sy\/es\/?p=290585"},"modified":"2023-03-11T19:27:17","modified_gmt":"2023-03-11T16:27:17","slug":"gobierno-sirio-aprueba-construccion-de-740-viviendas-para-afectados-por-los-terremotos","status":"publish","type":"post","link":"https:\/\/archive.sana.sy\/es\/?p=290585","title":{"rendered":"Gobierno sirio aprueba construcci\u00f3n de 740 viviendas para afectados por los terremotos"},"content":{"rendered":"<p style=\"text-align: justify;\"><span style=\"color: #800000;\"><strong>Damasco, 11 mar (SANA)\u00a0<\/strong> <\/span>\u00a0El Consejo de Ministros celebr\u00f3 una sesi\u00f3n extraordinaria para revisar las medidas gubernamentales m\u00e1s importantes tomadas por los ministerios para pasar de la fase de emergencia a la fase de recuperaci\u00f3n de los efectos de los terremotos que azotaron el seis de febrero pasado a varias provincias sirias.<\/p>\n<p style=\"text-align: justify;\">El Gabinete aprob\u00f3 el plan del Ministerio de Obras P\u00fablicas y Vivienda, que incluye la construcci\u00f3n inmediata de 740 viviendas para las familias que quedaron sin hogar (8 edificios con 440 viviendas en Alepo y 8 edificios con 300 viviendas en Latakia).<\/p>\n<p style=\"text-align: justify;\">El Gobierno pidi\u00f3 hacer todo esfuerzo para terminar estos edificios lo m\u00e1s r\u00e1pido posible, en paralelo con la labor que se lleva a cabo para instalar viviendas prefabricadas temporales para los afectados.<\/p>\n<p style=\"text-align: justify;\">El Comit\u00e9 Superior de Socorro hab\u00eda revelado que el n\u00famero de familias registradas que quedaron sin hogar por los terremotos lleg\u00f3 a 91 mil 794 con 414 mil 304 individuos.<\/p>\n<p style=\"text-align: justify;\">Asimismo, dio a conocer que el n\u00famero de edificios da\u00f1ados que ya no son habitables lleg\u00f3 a cuatro mil 444 mientras el de inmuebles que necesitan ser reforzados es 29 mil 751, y requieren mantenimiento 30 mil 113.<\/p>\n<p style=\"text-align: justify;\">fm\/rr<\/p>\n","protected":false},"excerpt":{"rendered":"<p>Damasco, 11 mar (SANA)\u00a0 \u00a0El Consejo de Ministros celebr\u00f3 una sesi\u00f3n extraordinaria para revisar las medidas gubernamentales m\u00e1s importantes tomadas por los ministerios para pasar de la fase de emergencia a la fase de recuperaci\u00f3n de los efectos de los terremotos que azotaron el seis de febrero pasado a varias provincias sirias. El Gabinete aprob\u00f3 &hellip;<\/p>\n","protected":false},"author":31,"featured_media":290586,"comment_status":"closed","ping_status":"closed","sticky":false,"template":"","format":"standard","meta":{"footnotes":""},"categories":[597,476,583],"tags":[],"class_list":["post-290585","post","type-post","status-publish","format-standard","has-post-thumbnail","","category-cinta-de-noticias","category-locales","category-slide"],"_links":{"self":[{"href":"https:\/\/archive.sana.sy\/es\/index.php?rest_route=\/wp\/v2\/posts\/290585"}],"collection":[{"href":"https:\/\/archive.sana.sy\/es\/index.php?rest_route=\/wp\/v2\/posts"}],"about":[{"href":"https:\/\/archive.sana.sy\/es\/index.php?rest_route=\/wp\/v2\/types\/post"}],"author":[{"embeddable":true,"href":"https:\/\/archive.sana.sy\/es\/index.php?rest_route=\/wp\/v2\/users\/31"}],"replies":[{"embeddable":true,"href":"https:\/\/archive.sana.sy\/es\/index.php?rest_route=%2Fwp%2Fv2%2Fcomments&post=290585"}],"version-history":[{"count":1,"href":"https:\/\/archive.sana.sy\/es\/index.php?rest_route=\/wp\/v2\/posts\/290585\/revisions"}],"predecessor-version":[{"id":290587,"href":"https:\/\/archive.sana.sy\/es\/index.php?rest_route=\/wp\/v2\/posts\/290585\/revisions\/290587"}],"wp:featuredmedia":[{"embeddable":true,"href":"https:\/\/archive.sana.sy\/es\/index.php?rest_route=\/wp\/v2\/media\/290586"}],"wp:attachment":[{"href":"https:\/\/archive.sana.sy\/es\/index.php?rest_route=%2Fwp%2Fv2%2Fmedia&parent=290585"}],"wp:term":[{"taxonomy":"category","embeddable":true,"href":"https:\/\/archive.sana.sy\/es\/index.php?rest_route=%2Fwp%2Fv2%2Fcategories&post=290585"},{"taxonomy":"post_tag","embeddable":true,"href":"https:\/\/archive.sana.sy\/es\/index.php?rest_route=%2Fwp%2Fv2%2Ftags&post=290585"}],"curies":[{"name":"wp","href":"https:\/\/api.w.org\/{rel}","templated":true}]}}