{"id":290606,"date":"2023-03-11T20:35:00","date_gmt":"2023-03-11T17:35:00","guid":{"rendered":"https:\/\/sana.sy\/es\/?p=290606"},"modified":"2023-05-20T20:58:47","modified_gmt":"2023-05-20T17:58:47","slug":"primera-dama-realiza-videollamada-con-tres-ninos-sirios-que-reciben-tratamiento-en-eau","status":"publish","type":"post","link":"https:\/\/archive.sana.sy\/es\/?p=290606","title":{"rendered":"Primera Dama realiza videollamada con tres ni\u00f1os sirios que reciben tratamiento en EAU (+Video)"},"content":{"rendered":"<p style=\"text-align: justify;\"><span style=\"color: #800000;\"><strong>Damasco, 11 mar (SANA)<\/strong><\/span>\u00a0 \u00a0La primera dama, Asmaa Al-Assad, realiz\u00f3 hoy una videollamada con la ni\u00f1a Sham Sheikh Muhammad, de 9 a\u00f1os de edad, cuya familia muri\u00f3 por los terremotos y actualmente que recibe tratamiento en el Hospital Burjeel en Abu Dabi.<\/p>\n<p style=\"text-align: justify;\">Efectu\u00f3 una videollamada similar con el ni\u00f1o Ali Tafouh, de 9 a\u00f1os de edad, cuyos padres fallecieron a causa de los terremotos, y con el padre del ni\u00f1o Ali Youssef, de 12 a\u00f1os de edad, que se encuentra ingresado en el Hospital Sheikh Khalifa en Abu Dabi.<\/p>\n<p style=\"text-align: justify;\">Los tres ni\u00f1os, junto con otros ni\u00f1os de Alepo, Idlib y Latakia, fueron trasladados a Abu Dabi hace m\u00e1s de dos semanas para completar su tratamiento m\u00e9dico tras sufrir aplazamiento en sus extremidades inferiores en los terremotos del 6 de febrero pasado.<\/p>\n<p style=\"text-align: justify;\">El tratamiento de los ni\u00f1os se efect\u00faa gracias a una iniciativa humanitaria de su alteza la Jequesa Fatima Bint Mubarak, presidenta de la Uni\u00f3n General de Mujer y del Consejo Supremo para la Maternidad y la Infancia, quien dirigi\u00f3 el traslado de ni\u00f1os a los Emiratos \u00c1rabes Unidos.<\/p>\n<p style=\"text-align: justify;\">fm\/rr<\/p>\n<p>&nbsp;<\/p>\n<p><iframe loading=\"lazy\" title=\"Primera Dama de Siria realiza videollamada con tres ni\u00f1os sirios que reciben tratamiento en EAU\" src=\"https:\/\/www.youtube.com\/embed\/VzajosS13Ts\" width=\"800\" height=\"480\" frameborder=\"0\" allowfullscreen=\"allowfullscreen\"><span data-mce-type=\"bookmark\" style=\"display: inline-block; width: 0px; overflow: hidden; line-height: 0;\" class=\"mce_SELRES_start\">\ufeff<\/span><\/iframe><\/p>\n","protected":false},"excerpt":{"rendered":"<p>Damasco, 11 mar (SANA)\u00a0 \u00a0La primera dama, Asmaa Al-Assad, realiz\u00f3 hoy una videollamada con la ni\u00f1a Sham Sheikh Muhammad, de 9 a\u00f1os de edad, cuya familia muri\u00f3 por los terremotos y actualmente que recibe tratamiento en el Hospital Burjeel en Abu Dabi. Efectu\u00f3 una videollamada similar con el ni\u00f1o Ali Tafouh, de 9 a\u00f1os de &hellip;<\/p>\n","protected":false},"author":31,"featured_media":290607,"comment_status":"closed","ping_status":"closed","sticky":false,"template":"","format":"standard","meta":{"footnotes":""},"categories":[597,476,16237,583],"tags":[19686,6553,17700],"class_list":["post-290606","post","type-post","status-publish","format-standard","has-post-thumbnail","","category-cinta-de-noticias","category-locales","category-presidence-de-la-republique-arabe-syria","category-slide","tag-eau","tag-siria","tag-terremoto"],"_links":{"self":[{"href":"https:\/\/archive.sana.sy\/es\/index.php?rest_route=\/wp\/v2\/posts\/290606"}],"collection":[{"href":"https:\/\/archive.sana.sy\/es\/index.php?rest_route=\/wp\/v2\/posts"}],"about":[{"href":"https:\/\/archive.sana.sy\/es\/index.php?rest_route=\/wp\/v2\/types\/post"}],"author":[{"embeddable":true,"href":"https:\/\/archive.sana.sy\/es\/index.php?rest_route=\/wp\/v2\/users\/31"}],"replies":[{"embeddable":true,"href":"https:\/\/archive.sana.sy\/es\/index.php?rest_route=%2Fwp%2Fv2%2Fcomments&post=290606"}],"version-history":[{"count":5,"href":"https:\/\/archive.sana.sy\/es\/index.php?rest_route=\/wp\/v2\/posts\/290606\/revisions"}],"predecessor-version":[{"id":290612,"href":"https:\/\/archive.sana.sy\/es\/index.php?rest_route=\/wp\/v2\/posts\/290606\/revisions\/290612"}],"wp:featuredmedia":[{"embeddable":true,"href":"https:\/\/archive.sana.sy\/es\/index.php?rest_route=\/wp\/v2\/media\/290607"}],"wp:attachment":[{"href":"https:\/\/archive.sana.sy\/es\/index.php?rest_route=%2Fwp%2Fv2%2Fmedia&parent=290606"}],"wp:term":[{"taxonomy":"category","embeddable":true,"href":"https:\/\/archive.sana.sy\/es\/index.php?rest_route=%2Fwp%2Fv2%2Fcategories&post=290606"},{"taxonomy":"post_tag","embeddable":true,"href":"https:\/\/archive.sana.sy\/es\/index.php?rest_route=%2Fwp%2Fv2%2Ftags&post=290606"}],"curies":[{"name":"wp","href":"https:\/\/api.w.org\/{rel}","templated":true}]}}