{"id":290617,"date":"2023-03-12T05:46:59","date_gmt":"2023-03-12T02:46:59","guid":{"rendered":"https:\/\/sana.sy\/es\/?p=290617"},"modified":"2023-03-12T13:29:40","modified_gmt":"2023-03-12T10:29:40","slug":"manifestacion-en-republica-checa-contra-el-apoyo-al-regimen-de-kiev","status":"publish","type":"post","link":"https:\/\/archive.sana.sy\/es\/?p=290617","title":{"rendered":"Manifestaci\u00f3n en Rep\u00fablica Checa contra el apoyo al r\u00e9gimen de Kiev"},"content":{"rendered":"<blockquote>\n<p style=\"text-align: justify;\"><span style=\"color: #993300;\">\u201cEl empobrecimiento de la Rep\u00fablica Checa se debe principalmente a la pol\u00edtica energ\u00e9tica autodestructiva de la Uni\u00f3n Europea, que es promovida y apoyada por el gobierno checo sin pensar en los intereses del pa\u00eds y del pueblo\u201d<\/span><\/p>\n<\/blockquote>\n<p style=\"text-align: justify;\"><span style=\"color: #800000;\"><strong>Praga, 12 mar (SANA)\u00a0<\/strong><\/span> Miles protestaron en el centro de Praga, la capital checa, para protestar contra las pol\u00edticas del gobierno de su pa\u00eds y su apoyo con armas al r\u00e9gimen ucraniano, adem\u00e1s de los altos precios de la energ\u00eda en el pa\u00eds.<\/p>\n<p style=\"text-align: justify;\">Los participantes corearon lemas como \u201cDetengan la guerra, detengan la OTAN\u201d y otros que ped\u00edan la renuncia del gobierno.<\/p>\n<figure id=\"attachment_290619\" aria-describedby=\"caption-attachment-290619\" style=\"width: 300px\" class=\"wp-caption alignleft\"><img loading=\"lazy\" decoding=\"async\" class=\"size-medium wp-image-290619\" src=\"http:\/\/sana.sy\/es\/wp-content\/uploads\/2023\/03\/Manifestacion-en-Republica-Checa-contra-el-apoyo-al-regimen-de-Kiev-1-300x200.jpeg\" alt=\"Manifestaci\u00f3n en Rep\u00fablica Checa contra el apoyo al r\u00e9gimen de Kiev\" width=\"300\" height=\"200\" srcset=\"https:\/\/archive.sana.sy\/es\/wp-content\/uploads\/2023\/03\/Manifestacion-en-Republica-Checa-contra-el-apoyo-al-regimen-de-Kiev-1-300x200.jpeg 300w, https:\/\/archive.sana.sy\/es\/wp-content\/uploads\/2023\/03\/Manifestacion-en-Republica-Checa-contra-el-apoyo-al-regimen-de-Kiev-1-150x100.jpeg 150w, https:\/\/archive.sana.sy\/es\/wp-content\/uploads\/2023\/03\/Manifestacion-en-Republica-Checa-contra-el-apoyo-al-regimen-de-Kiev-1.jpeg 660w\" sizes=\"(max-width: 300px) 100vw, 300px\" \/><figcaption id=\"caption-attachment-290619\" class=\"wp-caption-text\"><span style=\"color: #ff6600;\">Manifestante con un cartel en contra del suministro de armas a Ucrania\/ foto SANA<\/span><\/figcaption><\/figure>\n<p style=\"text-align: justify;\">\u201cEl empobrecimiento de la Rep\u00fablica Checa se debe principalmente a la pol\u00edtica energ\u00e9tica autodestructiva de la Uni\u00f3n Europea, que es promovida y apoyada por el gobierno checo sin pensar en los intereses del pa\u00eds y del pueblo\u201d, dijo el pol\u00edtico checo Yenderyikh Rachel, y culp\u00f3 a las pol\u00edticas seguidas por el Uni\u00f3n Europea del deterioro de las condiciones de vida en el pa\u00eds.<\/p>\n<p style=\"text-align: justify;\">Rachel hizo un llamado al gobierno de su pa\u00eds para que deje de suministrar armas al r\u00e9gimen de Kiev y trabaje para organizar una conferencia de paz en la Rep\u00fablica Checa para detener la guerra en Ucrania.<\/p>\n<p style=\"text-align: justify;\">fm<\/p>\n","protected":false},"excerpt":{"rendered":"<p>\u201cEl empobrecimiento de la Rep\u00fablica Checa se debe principalmente a la pol\u00edtica energ\u00e9tica autodestructiva de la Uni\u00f3n Europea, que es promovida y apoyada por el gobierno checo sin pensar en los intereses del pa\u00eds y del pueblo\u201d Praga, 12 mar (SANA)\u00a0 Miles protestaron en el centro de Praga, la capital checa, para protestar contra las &hellip;<\/p>\n","protected":false},"author":34,"featured_media":290618,"comment_status":"closed","ping_status":"closed","sticky":false,"template":"","format":"standard","meta":{"footnotes":""},"categories":[597,456,20724,7541],"tags":[20281,19979,19811,11651,20357],"class_list":["post-290617","post","type-post","status-publish","format-standard","has-post-thumbnail","","category-cinta-de-noticias","category-arabe-internacional-politica","category-minuto-a-minuto","category-ultimas-noticias","tag-kiev","tag-manifestacion","tag-otan","tag-praga","tag-ucrania"],"_links":{"self":[{"href":"https:\/\/archive.sana.sy\/es\/index.php?rest_route=\/wp\/v2\/posts\/290617"}],"collection":[{"href":"https:\/\/archive.sana.sy\/es\/index.php?rest_route=\/wp\/v2\/posts"}],"about":[{"href":"https:\/\/archive.sana.sy\/es\/index.php?rest_route=\/wp\/v2\/types\/post"}],"author":[{"embeddable":true,"href":"https:\/\/archive.sana.sy\/es\/index.php?rest_route=\/wp\/v2\/users\/34"}],"replies":[{"embeddable":true,"href":"https:\/\/archive.sana.sy\/es\/index.php?rest_route=%2Fwp%2Fv2%2Fcomments&post=290617"}],"version-history":[{"count":3,"href":"https:\/\/archive.sana.sy\/es\/index.php?rest_route=\/wp\/v2\/posts\/290617\/revisions"}],"predecessor-version":[{"id":290669,"href":"https:\/\/archive.sana.sy\/es\/index.php?rest_route=\/wp\/v2\/posts\/290617\/revisions\/290669"}],"wp:featuredmedia":[{"embeddable":true,"href":"https:\/\/archive.sana.sy\/es\/index.php?rest_route=\/wp\/v2\/media\/290618"}],"wp:attachment":[{"href":"https:\/\/archive.sana.sy\/es\/index.php?rest_route=%2Fwp%2Fv2%2Fmedia&parent=290617"}],"wp:term":[{"taxonomy":"category","embeddable":true,"href":"https:\/\/archive.sana.sy\/es\/index.php?rest_route=%2Fwp%2Fv2%2Fcategories&post=290617"},{"taxonomy":"post_tag","embeddable":true,"href":"https:\/\/archive.sana.sy\/es\/index.php?rest_route=%2Fwp%2Fv2%2Ftags&post=290617"}],"curies":[{"name":"wp","href":"https:\/\/api.w.org\/{rel}","templated":true}]}}