{"id":290705,"date":"2023-03-12T16:12:25","date_gmt":"2023-03-12T13:12:25","guid":{"rendered":"http:\/\/107.6.182.27\/es\/?p=290705"},"modified":"2023-03-12T16:12:25","modified_gmt":"2023-03-12T13:12:25","slug":"cuando-mayor-sea-la-presion-mas-fuerte-sera-nuestra-respuesta-afirma-teheran","status":"publish","type":"post","link":"https:\/\/archive.sana.sy\/es\/?p=290705","title":{"rendered":"Cuando mayor sea la presi\u00f3n, m\u00e1s fuerte ser\u00e1 nuestra respuesta, afirma Teher\u00e1n"},"content":{"rendered":"<blockquote>\n<p style=\"text-align: justify;\"><span style=\"color: #993300;\">El jefe de la Guardia Revolucionaria de Ir\u00e1n, el mayor general Hossein Salami, advirti\u00f3 que cuanto mayor sea la presi\u00f3n sobre su pa\u00eds, mayor y m\u00e1s decisiva ser\u00e1 su respuesta a los enemigos.<\/span><\/p>\n<\/blockquote>\n<p style=\"text-align: justify;\"><span style=\"color: #800000;\"><strong>Teher\u00e1n, 12 mar (SANA)<\/strong><\/span> El jefe de la Guardia Revolucionaria de Ir\u00e1n, el mayor general Hossein Salami, advirti\u00f3 que cuanto mayor sea la presi\u00f3n sobre su pa\u00eds, mayor y m\u00e1s decisiva ser\u00e1 su respuesta a los enemigos.<\/p>\n<p style=\"text-align: justify;\">En unas palabras pronunciadas hoy, Salami consider\u00f3 que ninguno de los pa\u00edses puede soportar las sanciones y presiones impuestas contra Ir\u00e1n, y se\u00f1al\u00f3 que estas medidas hostiles podr\u00edan desmembrar a cualquier pa\u00eds, sin embargo el pueblo iran\u00ed se mantuvo firme y las derrot\u00f3.<\/p>\n<p style=\"text-align: justify;\">El oficial destac\u00f3 la capacidad de Ir\u00e1n de poner a sat\u00e9lites en el espacio, producir vacunas, misiles y autom\u00f3viles, e implementar grandes proyectos de construcci\u00f3n y esto se debe a su confianza en s\u00ed mismo y su resistencia a la arrogancia de EEUU.<\/p>\n<p style=\"text-align: justify;\">as\/fm<\/p>\n","protected":false},"excerpt":{"rendered":"<p>El jefe de la Guardia Revolucionaria de Ir\u00e1n, el mayor general Hossein Salami, advirti\u00f3 que cuanto mayor sea la presi\u00f3n sobre su pa\u00eds, mayor y m\u00e1s decisiva ser\u00e1 su respuesta a los enemigos. Teher\u00e1n, 12 mar (SANA) El jefe de la Guardia Revolucionaria de Ir\u00e1n, el mayor general Hossein Salami, advirti\u00f3 que cuanto mayor sea &hellip;<\/p>\n","protected":false},"author":42,"featured_media":290706,"comment_status":"closed","ping_status":"closed","sticky":false,"template":"","format":"standard","meta":{"footnotes":""},"categories":[597,456,16687,20724,7541],"tags":[],"class_list":["post-290705","post","type-post","status-publish","format-standard","has-post-thumbnail","","category-cinta-de-noticias","category-arabe-internacional-politica","category-internacionales","category-minuto-a-minuto","category-ultimas-noticias"],"_links":{"self":[{"href":"https:\/\/archive.sana.sy\/es\/index.php?rest_route=\/wp\/v2\/posts\/290705"}],"collection":[{"href":"https:\/\/archive.sana.sy\/es\/index.php?rest_route=\/wp\/v2\/posts"}],"about":[{"href":"https:\/\/archive.sana.sy\/es\/index.php?rest_route=\/wp\/v2\/types\/post"}],"author":[{"embeddable":true,"href":"https:\/\/archive.sana.sy\/es\/index.php?rest_route=\/wp\/v2\/users\/42"}],"replies":[{"embeddable":true,"href":"https:\/\/archive.sana.sy\/es\/index.php?rest_route=%2Fwp%2Fv2%2Fcomments&post=290705"}],"version-history":[{"count":1,"href":"https:\/\/archive.sana.sy\/es\/index.php?rest_route=\/wp\/v2\/posts\/290705\/revisions"}],"predecessor-version":[{"id":290707,"href":"https:\/\/archive.sana.sy\/es\/index.php?rest_route=\/wp\/v2\/posts\/290705\/revisions\/290707"}],"wp:featuredmedia":[{"embeddable":true,"href":"https:\/\/archive.sana.sy\/es\/index.php?rest_route=\/wp\/v2\/media\/290706"}],"wp:attachment":[{"href":"https:\/\/archive.sana.sy\/es\/index.php?rest_route=%2Fwp%2Fv2%2Fmedia&parent=290705"}],"wp:term":[{"taxonomy":"category","embeddable":true,"href":"https:\/\/archive.sana.sy\/es\/index.php?rest_route=%2Fwp%2Fv2%2Fcategories&post=290705"},{"taxonomy":"post_tag","embeddable":true,"href":"https:\/\/archive.sana.sy\/es\/index.php?rest_route=%2Fwp%2Fv2%2Ftags&post=290705"}],"curies":[{"name":"wp","href":"https:\/\/api.w.org\/{rel}","templated":true}]}}