{"id":290708,"date":"2023-03-12T16:15:24","date_gmt":"2023-03-12T13:15:24","guid":{"rendered":"https:\/\/sana.sy\/es\/?p=290708"},"modified":"2023-03-12T16:15:24","modified_gmt":"2023-03-12T13:15:24","slug":"militares-israelies-asesinan-a-tres-jovenes-palestinos","status":"publish","type":"post","link":"https:\/\/archive.sana.sy\/es\/?p=290708","title":{"rendered":"Militares israel\u00edes asesinan a tres j\u00f3venes palestinos"},"content":{"rendered":"<blockquote>\n<p style=\"text-align: justify;\"><span style=\"color: #993300;\">\u00a0El n\u00famero de palestinos muertos por el fuego del ej\u00e9rcito israel\u00ed desde principios de a\u00f1o hasta la fecha ascendi\u00f3 a 84, incluidos 15 ni\u00f1os<\/span><\/p>\n<\/blockquote>\n<p style=\"text-align: justify;\"><span style=\"color: #993300;\"><strong>Jerusal\u00e9n ocupada, 12 mar (SANA)<\/strong><\/span>\u00a0 \u00a0Tres palestino fueron asesinado hoy por las fuerzas de ocupaci\u00f3n israel\u00ed, al suroeste de Naplusa, en Cisjordania.<\/p>\n<p style=\"text-align: justify;\">La agencia de noticias Wafa inform\u00f3 que los soldados en uno de sus puestos de control cerca de la localidad de Surra, abrieron el fuego de sus armas contra un autom\u00f3vil en el que trasladaban cuatro palestinos, causando la muerte de tres de ellos.<\/p>\n<p style=\"text-align: justify;\">El n\u00famero de palestinos muertos por el fuego del ej\u00e9rcito israel\u00ed desde principios de a\u00f1o hasta la fecha ascendi\u00f3 a 84, incluidos 15 ni\u00f1os.<\/p>\n<p style=\"text-align: justify;\">Por otro lado, las tropas de ocupaci\u00f3n arrestaron tres palestinos en las ciudades de Hebr\u00f3n y Naplusa.<\/p>\n<p style=\"text-align: justify;\">ed\/fm<\/p>\n","protected":false},"excerpt":{"rendered":"<p>\u00a0El n\u00famero de palestinos muertos por el fuego del ej\u00e9rcito israel\u00ed desde principios de a\u00f1o hasta la fecha ascendi\u00f3 a 84, incluidos 15 ni\u00f1os Jerusal\u00e9n ocupada, 12 mar (SANA)\u00a0 \u00a0Tres palestino fueron asesinado hoy por las fuerzas de ocupaci\u00f3n israel\u00ed, al suroeste de Naplusa, en Cisjordania. La agencia de noticias Wafa inform\u00f3 que los soldados &hellip;<\/p>\n","protected":false},"author":32,"featured_media":290709,"comment_status":"closed","ping_status":"closed","sticky":false,"template":"","format":"standard","meta":{"footnotes":""},"categories":[597,456,16687,7541],"tags":[],"class_list":["post-290708","post","type-post","status-publish","format-standard","has-post-thumbnail","","category-cinta-de-noticias","category-arabe-internacional-politica","category-internacionales","category-ultimas-noticias"],"_links":{"self":[{"href":"https:\/\/archive.sana.sy\/es\/index.php?rest_route=\/wp\/v2\/posts\/290708"}],"collection":[{"href":"https:\/\/archive.sana.sy\/es\/index.php?rest_route=\/wp\/v2\/posts"}],"about":[{"href":"https:\/\/archive.sana.sy\/es\/index.php?rest_route=\/wp\/v2\/types\/post"}],"author":[{"embeddable":true,"href":"https:\/\/archive.sana.sy\/es\/index.php?rest_route=\/wp\/v2\/users\/32"}],"replies":[{"embeddable":true,"href":"https:\/\/archive.sana.sy\/es\/index.php?rest_route=%2Fwp%2Fv2%2Fcomments&post=290708"}],"version-history":[{"count":1,"href":"https:\/\/archive.sana.sy\/es\/index.php?rest_route=\/wp\/v2\/posts\/290708\/revisions"}],"predecessor-version":[{"id":290710,"href":"https:\/\/archive.sana.sy\/es\/index.php?rest_route=\/wp\/v2\/posts\/290708\/revisions\/290710"}],"wp:featuredmedia":[{"embeddable":true,"href":"https:\/\/archive.sana.sy\/es\/index.php?rest_route=\/wp\/v2\/media\/290709"}],"wp:attachment":[{"href":"https:\/\/archive.sana.sy\/es\/index.php?rest_route=%2Fwp%2Fv2%2Fmedia&parent=290708"}],"wp:term":[{"taxonomy":"category","embeddable":true,"href":"https:\/\/archive.sana.sy\/es\/index.php?rest_route=%2Fwp%2Fv2%2Fcategories&post=290708"},{"taxonomy":"post_tag","embeddable":true,"href":"https:\/\/archive.sana.sy\/es\/index.php?rest_route=%2Fwp%2Fv2%2Ftags&post=290708"}],"curies":[{"name":"wp","href":"https:\/\/api.w.org\/{rel}","templated":true}]}}