{"id":290711,"date":"2023-03-12T16:44:23","date_gmt":"2023-03-12T13:44:23","guid":{"rendered":"https:\/\/sana.sy\/es\/?p=290711"},"modified":"2023-03-12T16:44:23","modified_gmt":"2023-03-12T13:44:23","slug":"diez-muertos-por-accidente-automovilistico-en-chiapas-suroeste-de-mexico","status":"publish","type":"post","link":"https:\/\/archive.sana.sy\/es\/?p=290711","title":{"rendered":"Diez muertos por accidente automovil\u00edstico en Chiapas\u00a0 suroeste de M\u00e9xico"},"content":{"rendered":"<p style=\"text-align: justify;\"><span style=\"color: #800000;\"><strong>M\u00e9xico, 12 mar (SANA)\u00a0<\/strong><\/span> 10 personas perdieron la vida y un igual n\u00famero fueron lesionadas por un accidente automovil\u00edstico en el estado mexicano de Chiapas.<\/p>\n<p style=\"text-align: justify;\">El Sistema Estatal de Protecci\u00f3n Civil imform\u00f3 que el accidente se produjo en el tramo carretero Palenque-Playas de Catazaj\u00e1, cuando chocaron dos veh\u00edculos que transportaba grava y arena.<\/p>\n<p style=\"text-align: justify;\">Cerca de mil accidentes de tr\u00e1nsito ocurren al d\u00eda en M\u00e9xico y 12 mexicanos pierden la vida como consecuencia de estos hechos cada jornada, en promedio, seg\u00fan cifras del Instituto Nacional de Estad\u00edstica y Geograf\u00eda.<\/p>\n<p style=\"text-align: justify;\">fm<\/p>\n","protected":false},"excerpt":{"rendered":"<p>M\u00e9xico, 12 mar (SANA)\u00a0 10 personas perdieron la vida y un igual n\u00famero fueron lesionadas por un accidente automovil\u00edstico en el estado mexicano de Chiapas. El Sistema Estatal de Protecci\u00f3n Civil imform\u00f3 que el accidente se produjo en el tramo carretero Palenque-Playas de Catazaj\u00e1, cuando chocaron dos veh\u00edculos que transportaba grava y arena. Cerca de &hellip;<\/p>\n","protected":false},"author":34,"featured_media":290712,"comment_status":"closed","ping_status":"closed","sticky":false,"template":"","format":"standard","meta":{"footnotes":""},"categories":[597,456,20724],"tags":[],"class_list":["post-290711","post","type-post","status-publish","format-standard","has-post-thumbnail","","category-cinta-de-noticias","category-arabe-internacional-politica","category-minuto-a-minuto"],"_links":{"self":[{"href":"https:\/\/archive.sana.sy\/es\/index.php?rest_route=\/wp\/v2\/posts\/290711"}],"collection":[{"href":"https:\/\/archive.sana.sy\/es\/index.php?rest_route=\/wp\/v2\/posts"}],"about":[{"href":"https:\/\/archive.sana.sy\/es\/index.php?rest_route=\/wp\/v2\/types\/post"}],"author":[{"embeddable":true,"href":"https:\/\/archive.sana.sy\/es\/index.php?rest_route=\/wp\/v2\/users\/34"}],"replies":[{"embeddable":true,"href":"https:\/\/archive.sana.sy\/es\/index.php?rest_route=%2Fwp%2Fv2%2Fcomments&post=290711"}],"version-history":[{"count":1,"href":"https:\/\/archive.sana.sy\/es\/index.php?rest_route=\/wp\/v2\/posts\/290711\/revisions"}],"predecessor-version":[{"id":290713,"href":"https:\/\/archive.sana.sy\/es\/index.php?rest_route=\/wp\/v2\/posts\/290711\/revisions\/290713"}],"wp:featuredmedia":[{"embeddable":true,"href":"https:\/\/archive.sana.sy\/es\/index.php?rest_route=\/wp\/v2\/media\/290712"}],"wp:attachment":[{"href":"https:\/\/archive.sana.sy\/es\/index.php?rest_route=%2Fwp%2Fv2%2Fmedia&parent=290711"}],"wp:term":[{"taxonomy":"category","embeddable":true,"href":"https:\/\/archive.sana.sy\/es\/index.php?rest_route=%2Fwp%2Fv2%2Fcategories&post=290711"},{"taxonomy":"post_tag","embeddable":true,"href":"https:\/\/archive.sana.sy\/es\/index.php?rest_route=%2Fwp%2Fv2%2Ftags&post=290711"}],"curies":[{"name":"wp","href":"https:\/\/api.w.org\/{rel}","templated":true}]}}