{"id":290734,"date":"2023-03-12T18:27:04","date_gmt":"2023-03-12T15:27:04","guid":{"rendered":"https:\/\/sana.sy\/es\/?p=290734"},"modified":"2023-03-12T18:27:04","modified_gmt":"2023-03-12T15:27:04","slug":"iran-compra-cazas-rusos-su-35","status":"publish","type":"post","link":"https:\/\/archive.sana.sy\/es\/?p=290734","title":{"rendered":"Ir\u00e1n compra cazas rusos Su-35"},"content":{"rendered":"<p style=\"text-align: justify;\"><span style=\"color: #800000;\"><strong>Nueva York, 12 mar (SANA)<\/strong><\/span>\u00a0 \u00a0La misi\u00f3n permanente de Ir\u00e1n ante la ONU declar\u00f3 que el pa\u00eds hab\u00eda finalizado el contrato para la compra de cazas Su-35 de Rusia.<\/p>\n<p style=\"text-align: justify;\">Los cazas Sukhoi Su-35 cuentan con la aprobaci\u00f3n t\u00e9cnica de Ir\u00e1n. Despu\u00e9s de octubre de 2020, cuando se levant\u00f3 la prohibici\u00f3n de venta de armas convencionales a Ir\u00e1n en virtud de la Resoluci\u00f3n 2231 del Consejo de Seguridad de la ONU, Ir\u00e1n finalmente accedi\u00f3 a comprarlas&#8221;, inform\u00f3 la agencia IRNA este viernes.<\/p>\n<p style=\"text-align: justify;\">La misi\u00f3n no especific\u00f3 cu\u00e1ntos cazas se entregar\u00e1n o cu\u00e1ndo llegar\u00e1n a la naci\u00f3n persa, &#8220;ya que la informaci\u00f3n es clasificada&#8221;.<\/p>\n<p style=\"text-align: justify;\">fm\/rr<\/p>\n","protected":false},"excerpt":{"rendered":"<p>Nueva York, 12 mar (SANA)\u00a0 \u00a0La misi\u00f3n permanente de Ir\u00e1n ante la ONU declar\u00f3 que el pa\u00eds hab\u00eda finalizado el contrato para la compra de cazas Su-35 de Rusia. Los cazas Sukhoi Su-35 cuentan con la aprobaci\u00f3n t\u00e9cnica de Ir\u00e1n. Despu\u00e9s de octubre de 2020, cuando se levant\u00f3 la prohibici\u00f3n de venta de armas convencionales &hellip;<\/p>\n","protected":false},"author":31,"featured_media":290735,"comment_status":"closed","ping_status":"closed","sticky":false,"template":"","format":"standard","meta":{"footnotes":""},"categories":[456,16687],"tags":[21777,2866,6695],"class_list":["post-290734","post","type-post","status-publish","format-standard","has-post-thumbnail","","category-arabe-internacional-politica","category-internacionales","tag-caza","tag-iran","tag-rusia"],"_links":{"self":[{"href":"https:\/\/archive.sana.sy\/es\/index.php?rest_route=\/wp\/v2\/posts\/290734"}],"collection":[{"href":"https:\/\/archive.sana.sy\/es\/index.php?rest_route=\/wp\/v2\/posts"}],"about":[{"href":"https:\/\/archive.sana.sy\/es\/index.php?rest_route=\/wp\/v2\/types\/post"}],"author":[{"embeddable":true,"href":"https:\/\/archive.sana.sy\/es\/index.php?rest_route=\/wp\/v2\/users\/31"}],"replies":[{"embeddable":true,"href":"https:\/\/archive.sana.sy\/es\/index.php?rest_route=%2Fwp%2Fv2%2Fcomments&post=290734"}],"version-history":[{"count":2,"href":"https:\/\/archive.sana.sy\/es\/index.php?rest_route=\/wp\/v2\/posts\/290734\/revisions"}],"predecessor-version":[{"id":290737,"href":"https:\/\/archive.sana.sy\/es\/index.php?rest_route=\/wp\/v2\/posts\/290734\/revisions\/290737"}],"wp:featuredmedia":[{"embeddable":true,"href":"https:\/\/archive.sana.sy\/es\/index.php?rest_route=\/wp\/v2\/media\/290735"}],"wp:attachment":[{"href":"https:\/\/archive.sana.sy\/es\/index.php?rest_route=%2Fwp%2Fv2%2Fmedia&parent=290734"}],"wp:term":[{"taxonomy":"category","embeddable":true,"href":"https:\/\/archive.sana.sy\/es\/index.php?rest_route=%2Fwp%2Fv2%2Fcategories&post=290734"},{"taxonomy":"post_tag","embeddable":true,"href":"https:\/\/archive.sana.sy\/es\/index.php?rest_route=%2Fwp%2Fv2%2Ftags&post=290734"}],"curies":[{"name":"wp","href":"https:\/\/api.w.org\/{rel}","templated":true}]}}