{"id":290852,"date":"2023-03-14T11:24:04","date_gmt":"2023-03-14T08:24:04","guid":{"rendered":"https:\/\/sana.sy\/es\/?p=290852"},"modified":"2023-03-14T11:24:31","modified_gmt":"2023-03-14T08:24:31","slug":"desde-paises-bajos-sale-una-voz-en-contra-de-las-sanciones-impuestas-a-siria","status":"publish","type":"post","link":"https:\/\/archive.sana.sy\/es\/?p=290852","title":{"rendered":"Desde Pa\u00edses Bajos sale una voz en contra de las sanciones impuestas a Siria"},"content":{"rendered":"<blockquote>\n<p style=\"text-align: justify;\"><span style=\"color: #993300;\">El exembajador holand\u00e9s, Coas Van Dam, hizo un llamamiento para acelerar el levantamiento de las sanciones contra Siria y mostrar flexibilidad en este sentido, y debatir urgentemente este tema en el Parlamento neerland\u00e9s.<\/span><\/p>\n<\/blockquote>\n<p style=\"text-align: justify;\"><span style=\"color: #800000;\"><strong>\u00c1msterdam, 14 mar (SANA)<\/strong><\/span><br \/>\nEl exembajador holand\u00e9s, Coas Van Dam, exigi\u00f3 el levantamiento de las sanciones occidentales impuestas a Siria.<\/p>\n<p style=\"text-align: justify;\">Durante un programa en la radio holandesa, el diplom\u00e1tico hizo un llamamiento para acelerar el levantamiento de las sanciones contra Siria y mostrar flexibilidad en este sentido, y debatir urgentemente este tema.<\/p>\n<p style=\"text-align: justify;\">Van Dam confirm\u00f3 que estas sanciones agudizan el sufrimiento el pueblo sirio, no tienen justificaci\u00f3n y son una herramienta letal.<\/p>\n<p style=\"text-align: justify;\">Consider\u00f3 que la \u00fanica raz\u00f3n que lleva los europeos a imponer sanciones es su sentimiento de que pueden cambiar la situaci\u00f3n en Siria, y esto no pasar\u00e1.<\/p>\n<p style=\"text-align: justify;\">El Embajador se\u00f1al\u00f3 que Siria, que sufre 12 a\u00f1os de guerra y ahora enfrenta las secuelas de un desastre s\u00edsmico, lo que hace que el proceso de reconstrucci\u00f3n tome mucho tiempo.<\/p>\n<p style=\"text-align: justify;\">as\/fm<\/p>\n","protected":false},"excerpt":{"rendered":"<p>El exembajador holand\u00e9s, Coas Van Dam, hizo un llamamiento para acelerar el levantamiento de las sanciones contra Siria y mostrar flexibilidad en este sentido, y debatir urgentemente este tema en el Parlamento neerland\u00e9s. \u00c1msterdam, 14 mar (SANA) El exembajador holand\u00e9s, Coas Van Dam, exigi\u00f3 el levantamiento de las sanciones occidentales impuestas a Siria. Durante un &hellip;<\/p>\n","protected":false},"author":42,"featured_media":290853,"comment_status":"closed","ping_status":"closed","sticky":false,"template":"","format":"standard","meta":{"footnotes":""},"categories":[597,20724,467,7541,1],"tags":[],"class_list":["post-290852","post","type-post","status-publish","format-standard","has-post-thumbnail","","category-cinta-de-noticias","category-minuto-a-minuto","category-siria-y-el-mundo","category-ultimas-noticias","category-news-not-sorted"],"_links":{"self":[{"href":"https:\/\/archive.sana.sy\/es\/index.php?rest_route=\/wp\/v2\/posts\/290852"}],"collection":[{"href":"https:\/\/archive.sana.sy\/es\/index.php?rest_route=\/wp\/v2\/posts"}],"about":[{"href":"https:\/\/archive.sana.sy\/es\/index.php?rest_route=\/wp\/v2\/types\/post"}],"author":[{"embeddable":true,"href":"https:\/\/archive.sana.sy\/es\/index.php?rest_route=\/wp\/v2\/users\/42"}],"replies":[{"embeddable":true,"href":"https:\/\/archive.sana.sy\/es\/index.php?rest_route=%2Fwp%2Fv2%2Fcomments&post=290852"}],"version-history":[{"count":1,"href":"https:\/\/archive.sana.sy\/es\/index.php?rest_route=\/wp\/v2\/posts\/290852\/revisions"}],"predecessor-version":[{"id":290854,"href":"https:\/\/archive.sana.sy\/es\/index.php?rest_route=\/wp\/v2\/posts\/290852\/revisions\/290854"}],"wp:featuredmedia":[{"embeddable":true,"href":"https:\/\/archive.sana.sy\/es\/index.php?rest_route=\/wp\/v2\/media\/290853"}],"wp:attachment":[{"href":"https:\/\/archive.sana.sy\/es\/index.php?rest_route=%2Fwp%2Fv2%2Fmedia&parent=290852"}],"wp:term":[{"taxonomy":"category","embeddable":true,"href":"https:\/\/archive.sana.sy\/es\/index.php?rest_route=%2Fwp%2Fv2%2Fcategories&post=290852"},{"taxonomy":"post_tag","embeddable":true,"href":"https:\/\/archive.sana.sy\/es\/index.php?rest_route=%2Fwp%2Fv2%2Ftags&post=290852"}],"curies":[{"name":"wp","href":"https:\/\/api.w.org\/{rel}","templated":true}]}}