{"id":290882,"date":"2023-03-14T14:46:40","date_gmt":"2023-03-14T11:46:40","guid":{"rendered":"https:\/\/sana.sy\/es\/?p=290882"},"modified":"2023-03-14T14:46:40","modified_gmt":"2023-03-14T11:46:40","slug":"muere-cabecilla-terrorista-por-explosion-de-una-bomba-en-el-norte-de-alepo","status":"publish","type":"post","link":"https:\/\/archive.sana.sy\/es\/?p=290882","title":{"rendered":"Muere cabecilla terrorista por explosi\u00f3n de una bomba en el norte de Alepo"},"content":{"rendered":"<blockquote>\n<p style=\"text-align: justify;\"><span style=\"color: #993300;\">\u00a0Activistas locales comunicaron a SANA que en un artefacto explosivo estall\u00f3 en un autom\u00f3vil perteneciente a un cabecilla de la agrupaci\u00f3n llamada \u201cAl-Jabha Al-Shamia\u201d, Frente Levantino en espa\u00f1ol, lo que caus\u00f3 su muerte inmediata y la destrucci\u00f3n de su autom\u00f3vil.<\/span><\/p>\n<\/blockquote>\n<p style=\"text-align: justify;\"><strong><span style=\"color: #993300;\">Alepo, 14 mar (SANA)\u00a0<\/span><\/strong> \u00a0Un l\u00edder de uno de los grupos terroristas perdi\u00f3 la vida hoy por un atentado en la localidad de Shamarkh, en el norte de la provincia de Alepo, dominada por organizaciones terroristas proturcas.<\/p>\n<p style=\"text-align: justify;\">Activistas locales comunicaron a SANA que en un artefacto explosivo estall\u00f3 en un autom\u00f3vil perteneciente a un cabecilla de la agrupaci\u00f3n llamada \u201cAl-Jabha Al-Shamia\u201d, Frente Levantino en espa\u00f1ol, lo que caus\u00f3 su muerte inmediata y la destrucci\u00f3n de su autom\u00f3vil.<\/p>\n<p style=\"text-align: justify;\">Atribuyeron el incidente a las pugnas ocurridas entre las organizaciones terroristas para repartir las regal\u00edas y las zonas de influencia.<\/p>\n<p style=\"text-align: justify;\">fm\/ed<\/p>\n","protected":false},"excerpt":{"rendered":"<p>\u00a0Activistas locales comunicaron a SANA que en un artefacto explosivo estall\u00f3 en un autom\u00f3vil perteneciente a un cabecilla de la agrupaci\u00f3n llamada \u201cAl-Jabha Al-Shamia\u201d, Frente Levantino en espa\u00f1ol, lo que caus\u00f3 su muerte inmediata y la destrucci\u00f3n de su autom\u00f3vil. Alepo, 14 mar (SANA)\u00a0 \u00a0Un l\u00edder de uno de los grupos terroristas perdi\u00f3 la vida &hellip;<\/p>\n","protected":false},"author":32,"featured_media":290883,"comment_status":"closed","ping_status":"closed","sticky":false,"template":"","format":"standard","meta":{"footnotes":""},"categories":[477,597,476,583],"tags":[],"class_list":["post-290882","post","type-post","status-publish","format-standard","has-post-thumbnail","","category-noticias-edulcorantes","category-cinta-de-noticias","category-locales","category-slide"],"_links":{"self":[{"href":"https:\/\/archive.sana.sy\/es\/index.php?rest_route=\/wp\/v2\/posts\/290882"}],"collection":[{"href":"https:\/\/archive.sana.sy\/es\/index.php?rest_route=\/wp\/v2\/posts"}],"about":[{"href":"https:\/\/archive.sana.sy\/es\/index.php?rest_route=\/wp\/v2\/types\/post"}],"author":[{"embeddable":true,"href":"https:\/\/archive.sana.sy\/es\/index.php?rest_route=\/wp\/v2\/users\/32"}],"replies":[{"embeddable":true,"href":"https:\/\/archive.sana.sy\/es\/index.php?rest_route=%2Fwp%2Fv2%2Fcomments&post=290882"}],"version-history":[{"count":1,"href":"https:\/\/archive.sana.sy\/es\/index.php?rest_route=\/wp\/v2\/posts\/290882\/revisions"}],"predecessor-version":[{"id":290884,"href":"https:\/\/archive.sana.sy\/es\/index.php?rest_route=\/wp\/v2\/posts\/290882\/revisions\/290884"}],"wp:featuredmedia":[{"embeddable":true,"href":"https:\/\/archive.sana.sy\/es\/index.php?rest_route=\/wp\/v2\/media\/290883"}],"wp:attachment":[{"href":"https:\/\/archive.sana.sy\/es\/index.php?rest_route=%2Fwp%2Fv2%2Fmedia&parent=290882"}],"wp:term":[{"taxonomy":"category","embeddable":true,"href":"https:\/\/archive.sana.sy\/es\/index.php?rest_route=%2Fwp%2Fv2%2Fcategories&post=290882"},{"taxonomy":"post_tag","embeddable":true,"href":"https:\/\/archive.sana.sy\/es\/index.php?rest_route=%2Fwp%2Fv2%2Ftags&post=290882"}],"curies":[{"name":"wp","href":"https:\/\/api.w.org\/{rel}","templated":true}]}}