{"id":290907,"date":"2023-03-14T18:40:55","date_gmt":"2023-03-14T15:40:55","guid":{"rendered":"https:\/\/sana.sy\/es\/?p=290907"},"modified":"2023-03-14T18:40:55","modified_gmt":"2023-03-14T15:40:55","slug":"parlamento-modifica-ley-reguladora-del-ingreso-y-salida-de-los-extranjeros","status":"publish","type":"post","link":"https:\/\/archive.sana.sy\/es\/?p=290907","title":{"rendered":"Parlamento modifica ley reguladora del ingreso y salida de los extranjeros"},"content":{"rendered":"<p style=\"text-align: justify\"><span style=\"color: #800000\"><strong>Damasco, 14 mar (SANA)<\/strong><\/span> El Parlamento aprob\u00f3 este martes el proyecto de ley que estipula enmendar algunos art\u00edculos de la Ley N\u00b0 2 para el a\u00f1o 2014 que regula el ingreso, la salida y residencia de los ciudadanos \u00e1rabes y extranjeros, y se convirti\u00f3 en ley.<\/p>\n<p style=\"text-align: justify\">Seg\u00fan la nueva ley, los \u00e1rabes y extranjeros que se encuentran en el territorio sirio est\u00e1n exentos de portar un pasaporte en estos siguientes casos espec\u00edficos:<\/p>\n<ul style=\"list-style-type: circle;text-align: justify\">\n<li style=\"text-align: justify\">Los extranjeros que poseen pasaportes vencidos sin tener representaci\u00f3n diplom\u00e1tica de su pa\u00eds en Siria.<\/li>\n<li>Los extranjeros cuyos pasaportes demoraron en salir o a aquellos que se les neg\u00f3 renovar su pasaporte por la Embajada de su pa\u00eds.<\/li>\n<li style=\"text-align: justify\">Los titulares del carn\u00e9 de refugiado en Siria que no portan pasaportes o poseen pasaportes vencidos que no se pudo renovar.<\/li>\n<\/ul>\n<p style=\"text-align: justify\">\nla<\/p>\n<p style=\"text-align: justify\">\n<p style=\"text-align: justify\">\n","protected":false},"excerpt":{"rendered":"<p>Damasco, 14 mar (SANA) El Parlamento aprob\u00f3 este martes el proyecto de ley que estipula enmendar algunos art\u00edculos de la Ley N\u00b0 2 para el a\u00f1o 2014 que regula el ingreso, la salida y residencia de los ciudadanos \u00e1rabes y extranjeros, y se convirti\u00f3 en ley. Seg\u00fan la nueva ley, los \u00e1rabes y extranjeros que &hellip;<\/p>\n","protected":false},"author":24,"featured_media":290908,"comment_status":"closed","ping_status":"closed","sticky":false,"template":"","format":"standard","meta":{"footnotes":""},"categories":[447,597,20724,476,448,7541],"tags":[21838,8878,6553],"class_list":["post-290907","post","type-post","status-publish","format-standard","has-post-thumbnail","","category-local-politica","category-cinta-de-noticias","category-minuto-a-minuto","category-locales","category-noticias","category-ultimas-noticias","tag-ley-extranjeria","tag-parlamento","tag-siria"],"_links":{"self":[{"href":"https:\/\/archive.sana.sy\/es\/index.php?rest_route=\/wp\/v2\/posts\/290907"}],"collection":[{"href":"https:\/\/archive.sana.sy\/es\/index.php?rest_route=\/wp\/v2\/posts"}],"about":[{"href":"https:\/\/archive.sana.sy\/es\/index.php?rest_route=\/wp\/v2\/types\/post"}],"author":[{"embeddable":true,"href":"https:\/\/archive.sana.sy\/es\/index.php?rest_route=\/wp\/v2\/users\/24"}],"replies":[{"embeddable":true,"href":"https:\/\/archive.sana.sy\/es\/index.php?rest_route=%2Fwp%2Fv2%2Fcomments&post=290907"}],"version-history":[{"count":1,"href":"https:\/\/archive.sana.sy\/es\/index.php?rest_route=\/wp\/v2\/posts\/290907\/revisions"}],"predecessor-version":[{"id":290909,"href":"https:\/\/archive.sana.sy\/es\/index.php?rest_route=\/wp\/v2\/posts\/290907\/revisions\/290909"}],"wp:featuredmedia":[{"embeddable":true,"href":"https:\/\/archive.sana.sy\/es\/index.php?rest_route=\/wp\/v2\/media\/290908"}],"wp:attachment":[{"href":"https:\/\/archive.sana.sy\/es\/index.php?rest_route=%2Fwp%2Fv2%2Fmedia&parent=290907"}],"wp:term":[{"taxonomy":"category","embeddable":true,"href":"https:\/\/archive.sana.sy\/es\/index.php?rest_route=%2Fwp%2Fv2%2Fcategories&post=290907"},{"taxonomy":"post_tag","embeddable":true,"href":"https:\/\/archive.sana.sy\/es\/index.php?rest_route=%2Fwp%2Fv2%2Ftags&post=290907"}],"curies":[{"name":"wp","href":"https:\/\/api.w.org\/{rel}","templated":true}]}}