{"id":290987,"date":"2023-03-15T10:14:43","date_gmt":"2023-03-15T07:14:43","guid":{"rendered":"https:\/\/sana.sy\/es\/?p=290987"},"modified":"2023-03-15T10:15:03","modified_gmt":"2023-03-15T07:15:03","slug":"defensa-antiaerea-rusa-derriba-tres-misiles-sobre-ciudad-rusa-de-belgorod","status":"publish","type":"post","link":"https:\/\/archive.sana.sy\/es\/?p=290987","title":{"rendered":"Defensa antia\u00e9rea rusa derriba tres misiles sobre ciudad rusa de B\u00e9lgorod"},"content":{"rendered":"<blockquote>\n<p style=\"text-align: justify;\"><span style=\"color: #800000;\">Desde el comienzo de la operaci\u00f3n militar especial en Ucrania en febrero de 2022, la ciudad fronteriza de Belgorod fue blanco de semejantes ataques perpetrados por grupos de saboteadores ucranianos.<\/span><\/p>\n<\/blockquote>\n<p style=\"text-align: justify;\"><span style=\"color: #800000;\"><strong>Mosc\u00fa, 15 mar (SANA)<\/strong><\/span> La defensa antia\u00e9rea rusa derrib\u00f3 tres misiles en la ciudad rusa de B\u00e9lgorod, una regi\u00f3n fronteriza con Ucrania, seg\u00fan asegur\u00f3 el gobernador, Viacheslav Gladkov.<\/p>\n<p style=\"text-align: justify;\">Nuestro sistema de defensa a\u00e9rea intercept\u00f3 tres misiles sobre la referida ciudad y sus alrededores, pero los restos de uno de los cohetes destruidos cayeron sobre un \u00e1rea residencial y ocasionaron da\u00f1os materiales en las propiedades, declar\u00f3 Gladkov.<\/p>\n<p style=\"text-align: justify;\">Desde que comenz\u00f3 en febrero de 2022 la operaci\u00f3n militar especial en Ucrania, la ciudad fronteriza de Belgorod fue blanco de semejantes ataques de grupos de saboteadores ucranianos.<\/p>\n<p style=\"text-align: justify;\">Desde el comienzo de la operaci\u00f3n militar especial en Ucrania en febrero de 2022, la ciudad fronteriza de Belgorod fue blanco de semejantes ataques perpetrados por grupos de saboteadores ucranianos.<\/p>\n<p style=\"text-align: justify;\">ws\/fm<\/p>\n<p style=\"text-align: justify;\">\n","protected":false},"excerpt":{"rendered":"<p>Desde el comienzo de la operaci\u00f3n militar especial en Ucrania en febrero de 2022, la ciudad fronteriza de Belgorod fue blanco de semejantes ataques perpetrados por grupos de saboteadores ucranianos. Mosc\u00fa, 15 mar (SANA) La defensa antia\u00e9rea rusa derrib\u00f3 tres misiles en la ciudad rusa de B\u00e9lgorod, una regi\u00f3n fronteriza con Ucrania, seg\u00fan asegur\u00f3 el &hellip;<\/p>\n","protected":false},"author":35,"featured_media":290988,"comment_status":"closed","ping_status":"closed","sticky":false,"template":"","format":"standard","meta":{"footnotes":""},"categories":[597,456,16687,20724,7541],"tags":[20817,6695,20357],"class_list":["post-290987","post","type-post","status-publish","format-standard","has-post-thumbnail","","category-cinta-de-noticias","category-arabe-internacional-politica","category-internacionales","category-minuto-a-minuto","category-ultimas-noticias","tag-belgorod","tag-rusia","tag-ucrania"],"_links":{"self":[{"href":"https:\/\/archive.sana.sy\/es\/index.php?rest_route=\/wp\/v2\/posts\/290987"}],"collection":[{"href":"https:\/\/archive.sana.sy\/es\/index.php?rest_route=\/wp\/v2\/posts"}],"about":[{"href":"https:\/\/archive.sana.sy\/es\/index.php?rest_route=\/wp\/v2\/types\/post"}],"author":[{"embeddable":true,"href":"https:\/\/archive.sana.sy\/es\/index.php?rest_route=\/wp\/v2\/users\/35"}],"replies":[{"embeddable":true,"href":"https:\/\/archive.sana.sy\/es\/index.php?rest_route=%2Fwp%2Fv2%2Fcomments&post=290987"}],"version-history":[{"count":2,"href":"https:\/\/archive.sana.sy\/es\/index.php?rest_route=\/wp\/v2\/posts\/290987\/revisions"}],"predecessor-version":[{"id":290990,"href":"https:\/\/archive.sana.sy\/es\/index.php?rest_route=\/wp\/v2\/posts\/290987\/revisions\/290990"}],"wp:featuredmedia":[{"embeddable":true,"href":"https:\/\/archive.sana.sy\/es\/index.php?rest_route=\/wp\/v2\/media\/290988"}],"wp:attachment":[{"href":"https:\/\/archive.sana.sy\/es\/index.php?rest_route=%2Fwp%2Fv2%2Fmedia&parent=290987"}],"wp:term":[{"taxonomy":"category","embeddable":true,"href":"https:\/\/archive.sana.sy\/es\/index.php?rest_route=%2Fwp%2Fv2%2Fcategories&post=290987"},{"taxonomy":"post_tag","embeddable":true,"href":"https:\/\/archive.sana.sy\/es\/index.php?rest_route=%2Fwp%2Fv2%2Ftags&post=290987"}],"curies":[{"name":"wp","href":"https:\/\/api.w.org\/{rel}","templated":true}]}}