{"id":290994,"date":"2023-03-15T15:45:41","date_gmt":"2023-03-15T12:45:41","guid":{"rendered":"https:\/\/sana.sy\/es\/?p=290994"},"modified":"2023-03-18T15:39:03","modified_gmt":"2023-03-18T12:39:03","slug":"presidente-sirio-deposita-una-ofrenda-floral-en-la-tumba-del-soldado-desconocido-en-moscu","status":"publish","type":"post","link":"https:\/\/archive.sana.sy\/es\/?p=290994","title":{"rendered":"Presidente sirio deposita ofrenda floral en el Monumento del Soldado Desconocido en Mosc\u00fa"},"content":{"rendered":"<p><span style=\"color: #800000;\"><strong>Mosc\u00fa, 15 mar (SANA)<\/strong> <\/span>El presidente de Siria, Bashar Al-Assad, deposit\u00f3 hoy una ofrenda floral en el monumento al Soldado Desconocido, en la capital rusa Mosc\u00fa.<\/p>\n<p>El presidente fue recibido por el general Evgeny Seleznev, comandante de la Guarnici\u00f3n de Mosc\u00fa y por el Director de Protocolo del Ministerio de Relaciones Exteriores de Rusia.<\/p>\n<p>Durante el acto, Al-Assad coloc\u00f3 una ofrenda floral al ritmo de las notas musicales de la despedida del m\u00e1rtir y del Himno Nacional de Siria.<\/p>\n<p>Acompa\u00f1a al presidente en su visita una delegaci\u00f3n ministerial conformada por el canciller Faisal Al-Meqdad , el ministro de Asuntos de la Presidencia, Mansour Azzam, y el General Ali Abbas, el ministro de Defensa.<\/p>\n<div id='gallery-1' class='gallery galleryid-290994 gallery-columns-1 gallery-size-full'><figure class='gallery-item'>\n\t\t\t<div class='gallery-icon landscape'>\n\t\t\t\t<a href='https:\/\/archive.sana.sy\/es\/wp-content\/uploads\/2023\/03\/photo_2023-03-15_11-10-27.jpg'><img loading=\"lazy\" decoding=\"async\" width=\"1280\" height=\"853\" src=\"https:\/\/archive.sana.sy\/es\/wp-content\/uploads\/2023\/03\/photo_2023-03-15_11-10-27.jpg\" class=\"attachment-full size-full\" alt=\"\" srcset=\"https:\/\/archive.sana.sy\/es\/wp-content\/uploads\/2023\/03\/photo_2023-03-15_11-10-27.jpg 1280w, https:\/\/archive.sana.sy\/es\/wp-content\/uploads\/2023\/03\/photo_2023-03-15_11-10-27-300x200.jpg 300w, https:\/\/archive.sana.sy\/es\/wp-content\/uploads\/2023\/03\/photo_2023-03-15_11-10-27-1024x682.jpg 1024w, https:\/\/archive.sana.sy\/es\/wp-content\/uploads\/2023\/03\/photo_2023-03-15_11-10-27-150x100.jpg 150w, https:\/\/archive.sana.sy\/es\/wp-content\/uploads\/2023\/03\/photo_2023-03-15_11-10-27-768x512.jpg 768w\" sizes=\"(max-width: 1280px) 100vw, 1280px\" \/><\/a>\n\t\t\t<\/div><\/figure><figure class='gallery-item'>\n\t\t\t<div class='gallery-icon landscape'>\n\t\t\t\t<a href='https:\/\/archive.sana.sy\/es\/wp-content\/uploads\/2023\/03\/photo_2023-03-15_11-10-29-2.jpg'><img loading=\"lazy\" decoding=\"async\" width=\"1280\" height=\"835\" src=\"https:\/\/archive.sana.sy\/es\/wp-content\/uploads\/2023\/03\/photo_2023-03-15_11-10-29-2.jpg\" class=\"attachment-full size-full\" alt=\"\" srcset=\"https:\/\/archive.sana.sy\/es\/wp-content\/uploads\/2023\/03\/photo_2023-03-15_11-10-29-2.jpg 1280w, https:\/\/archive.sana.sy\/es\/wp-content\/uploads\/2023\/03\/photo_2023-03-15_11-10-29-2-300x196.jpg 300w, https:\/\/archive.sana.sy\/es\/wp-content\/uploads\/2023\/03\/photo_2023-03-15_11-10-29-2-1024x668.jpg 1024w, https:\/\/archive.sana.sy\/es\/wp-content\/uploads\/2023\/03\/photo_2023-03-15_11-10-29-2-150x98.jpg 150w, https:\/\/archive.sana.sy\/es\/wp-content\/uploads\/2023\/03\/photo_2023-03-15_11-10-29-2-768x501.jpg 768w\" sizes=\"(max-width: 1280px) 100vw, 1280px\" \/><\/a>\n\t\t\t<\/div><\/figure><figure class='gallery-item'>\n\t\t\t<div class='gallery-icon landscape'>\n\t\t\t\t<a href='https:\/\/archive.sana.sy\/es\/wp-content\/uploads\/2023\/03\/photo_2023-03-15_11-10-32.jpg'><img loading=\"lazy\" decoding=\"async\" width=\"1280\" height=\"689\" src=\"https:\/\/archive.sana.sy\/es\/wp-content\/uploads\/2023\/03\/photo_2023-03-15_11-10-32.jpg\" class=\"attachment-full size-full\" alt=\"\" srcset=\"https:\/\/archive.sana.sy\/es\/wp-content\/uploads\/2023\/03\/photo_2023-03-15_11-10-32.jpg 1280w, https:\/\/archive.sana.sy\/es\/wp-content\/uploads\/2023\/03\/photo_2023-03-15_11-10-32-300x161.jpg 300w, https:\/\/archive.sana.sy\/es\/wp-content\/uploads\/2023\/03\/photo_2023-03-15_11-10-32-1024x551.jpg 1024w, https:\/\/archive.sana.sy\/es\/wp-content\/uploads\/2023\/03\/photo_2023-03-15_11-10-32-150x81.jpg 150w, https:\/\/archive.sana.sy\/es\/wp-content\/uploads\/2023\/03\/photo_2023-03-15_11-10-32-768x413.jpg 768w\" sizes=\"(max-width: 1280px) 100vw, 1280px\" \/><\/a>\n\t\t\t<\/div><\/figure><figure class='gallery-item'>\n\t\t\t<div class='gallery-icon landscape'>\n\t\t\t\t<a href='https:\/\/archive.sana.sy\/es\/wp-content\/uploads\/2023\/03\/photo_2023-03-15_11-10-33.jpg'><img loading=\"lazy\" decoding=\"async\" width=\"1280\" height=\"853\" src=\"https:\/\/archive.sana.sy\/es\/wp-content\/uploads\/2023\/03\/photo_2023-03-15_11-10-33.jpg\" class=\"attachment-full size-full\" alt=\"\" srcset=\"https:\/\/archive.sana.sy\/es\/wp-content\/uploads\/2023\/03\/photo_2023-03-15_11-10-33.jpg 1280w, https:\/\/archive.sana.sy\/es\/wp-content\/uploads\/2023\/03\/photo_2023-03-15_11-10-33-300x200.jpg 300w, https:\/\/archive.sana.sy\/es\/wp-content\/uploads\/2023\/03\/photo_2023-03-15_11-10-33-1024x682.jpg 1024w, https:\/\/archive.sana.sy\/es\/wp-content\/uploads\/2023\/03\/photo_2023-03-15_11-10-33-150x100.jpg 150w, https:\/\/archive.sana.sy\/es\/wp-content\/uploads\/2023\/03\/photo_2023-03-15_11-10-33-768x512.jpg 768w\" sizes=\"(max-width: 1280px) 100vw, 1280px\" \/><\/a>\n\t\t\t<\/div><\/figure>\n\t\t<\/div>\n\n<p style=\"text-align: justify;\">ws\/fm<\/p>\n","protected":false},"excerpt":{"rendered":"<p>Mosc\u00fa, 15 mar (SANA) El presidente de Siria, Bashar Al-Assad, deposit\u00f3 hoy una ofrenda floral en el monumento al Soldado Desconocido, en la capital rusa Mosc\u00fa. El presidente fue recibido por el general Evgeny Seleznev, comandante de la Guarnici\u00f3n de Mosc\u00fa y por el Director de Protocolo del Ministerio de Relaciones Exteriores de Rusia. Durante &hellip;<\/p>\n","protected":false},"author":35,"featured_media":291357,"comment_status":"closed","ping_status":"closed","sticky":false,"template":"","format":"standard","meta":{"footnotes":""},"categories":[477,447,597,20724,16237,467,583,626],"tags":[],"class_list":["post-290994","post","type-post","status-publish","format-standard","has-post-thumbnail","","category-noticias-edulcorantes","category-local-politica","category-cinta-de-noticias","category-minuto-a-minuto","category-presidence-de-la-republique-arabe-syria","category-siria-y-el-mundo","category-slide","category-sr-presidente"],"_links":{"self":[{"href":"https:\/\/archive.sana.sy\/es\/index.php?rest_route=\/wp\/v2\/posts\/290994"}],"collection":[{"href":"https:\/\/archive.sana.sy\/es\/index.php?rest_route=\/wp\/v2\/posts"}],"about":[{"href":"https:\/\/archive.sana.sy\/es\/index.php?rest_route=\/wp\/v2\/types\/post"}],"author":[{"embeddable":true,"href":"https:\/\/archive.sana.sy\/es\/index.php?rest_route=\/wp\/v2\/users\/35"}],"replies":[{"embeddable":true,"href":"https:\/\/archive.sana.sy\/es\/index.php?rest_route=%2Fwp%2Fv2%2Fcomments&post=290994"}],"version-history":[{"count":11,"href":"https:\/\/archive.sana.sy\/es\/index.php?rest_route=\/wp\/v2\/posts\/290994\/revisions"}],"predecessor-version":[{"id":291358,"href":"https:\/\/archive.sana.sy\/es\/index.php?rest_route=\/wp\/v2\/posts\/290994\/revisions\/291358"}],"wp:featuredmedia":[{"embeddable":true,"href":"https:\/\/archive.sana.sy\/es\/index.php?rest_route=\/wp\/v2\/media\/291357"}],"wp:attachment":[{"href":"https:\/\/archive.sana.sy\/es\/index.php?rest_route=%2Fwp%2Fv2%2Fmedia&parent=290994"}],"wp:term":[{"taxonomy":"category","embeddable":true,"href":"https:\/\/archive.sana.sy\/es\/index.php?rest_route=%2Fwp%2Fv2%2Fcategories&post=290994"},{"taxonomy":"post_tag","embeddable":true,"href":"https:\/\/archive.sana.sy\/es\/index.php?rest_route=%2Fwp%2Fv2%2Ftags&post=290994"}],"curies":[{"name":"wp","href":"https:\/\/api.w.org\/{rel}","templated":true}]}}