{"id":291013,"date":"2023-03-15T13:19:17","date_gmt":"2023-03-15T10:19:17","guid":{"rendered":"https:\/\/sana.sy\/es\/?p=291013"},"modified":"2023-03-15T13:35:55","modified_gmt":"2023-03-15T10:35:55","slug":"newsweek-es-hora-de-retirar-las-tropas-estadounidenses-de-siria","status":"publish","type":"post","link":"https:\/\/archive.sana.sy\/es\/?p=291013","title":{"rendered":"Newsweek: Es hora de retirar las tropas estadounidenses de Siria"},"content":{"rendered":"<blockquote>\n<p style=\"text-align: justify;\"><span style=\"color: #800000;\">\u201clos miembros del Congreso prestan juramento al pueblo de EEUU, no al pueblo de Siria, Ucrania o cualquier otro lugar\u201d, asegura el art\u00edculo de la congresista estadounidense Anna Paulina Luna publicado por Newsweek.<\/span><\/p>\n<\/blockquote>\n<p style=\"text-align: justify;\"><span style=\"color: #800000;\"><strong>Damasco, 15 mar (SANA)<\/strong> <\/span>La revista estadounidense Newsweek consider\u00f3 que \u201ces necesario reorientar la pol\u00edtica exterior estadounidense y que es hora de retirar las fuerzas militares estadounidenses de Siria, porque vigilar las calles de Alepo no es funci\u00f3n de EEUU\u201d.<\/p>\n<p style=\"text-align: justify;\">Seg\u00fan un art\u00edculo de la congresista estadounidense Anna Paulina Luna publicado por Newsweek, \u201clos miembros del Congreso prestan juramento al pueblo de EEUU, no al pueblo de Siria, Ucrania o cualquier otro lugar\u201d.<\/p>\n<p style=\"text-align: justify;\">Destac\u00f3 que \u201cla decisi\u00f3n de retirar las fuerzas estadounidenses de Siria es uno de los pasos necesarios para reorientar la pol\u00edtica exterior estadounidense lejos del fallido consenso pol\u00edtico que ha dilapidado los recursos del pa\u00eds durante un cuarto de siglo, as\u00ed como el irresponsable derramamiento de sangre de los soldados alrededor del mundo\u201d.<\/p>\n<p style=\"text-align: justify;\">El art\u00edculo, citado por el sitoio Al-Manar en espa\u00f1ol, tambi\u00e9n aclar\u00f3 que \u201cunos pocos cientos de soldados no supondr\u00e1n una diferencia sobre el terreno\u201d, y se\u00f1al\u00f3 que \u201cmantener a los estadounidenses en el extranjero para prevenir ataques terroristas es un argumento rid\u00edculo\u201d.<\/p>\n<p style=\"text-align: justify;\">Agreg\u00f3 que \u201cel lema si no luchamos contra ellos all\u00ed, vendr\u00e1n por nosotros\u201d no tiene sentido, porque significar\u00eda que todo el planeta necesitar\u00eda una presencia estadounidense avanzada\u201d.<\/p>\n<p style=\"text-align: justify;\">Anna Paulina Luna se\u00f1al\u00f3 que \u201cSiria es un excelente ejemplo del estatus quo defectuoso de la pol\u00edtica exterior de EEUU, ya que la ingenua campa\u00f1a del ex presidente Barack Obama para un cambio de r\u00e9gimen en Oriente Medio no logr\u00f3 comprender la regi\u00f3n en su conjunto\u201d.<\/p>\n<p style=\"text-align: justify;\">Anna Paulina Luna indic\u00f3 que \u201clos estadounidenses a\u00fan est\u00e1n resguardando una tierra que no tiene un inter\u00e9s estrat\u00e9gico directo para EEUU\u201d, y se\u00f1al\u00f3 que \u201cel terrorismo local en tierras lejanas no representa una amenaza existencial para EEUU, sino que puede manejarse de manera efectiva a trav\u00e9s de estrategias.\u201d<\/p>\n<p style=\"text-align: justify;\">Anna Paulina Luna se pregunt\u00f3 por qu\u00e9 los miles de millones de d\u00f3lares gastados en Oriente Medio \u201cno se est\u00e1n invirtiendo en patrullar nuestras fronteras\u201d.<\/p>\n<p style=\"text-align: justify;\">La revista concluy\u00f3 que \u201cla era de las ideas ut\u00f3picas de pol\u00edtica exterior ha terminado\u201d, y se\u00f1al\u00f3 que \u201cla misi\u00f3n de EEUU es centrarse en sus fronteras y la protecci\u00f3n de la ley y el orden en las ciudades estadounidenses\u201d.<\/p>\n<p style=\"text-align: justify;\">fm\/ws<\/p>\n","protected":false},"excerpt":{"rendered":"<p>\u201clos miembros del Congreso prestan juramento al pueblo de EEUU, no al pueblo de Siria, Ucrania o cualquier otro lugar\u201d, asegura el art\u00edculo de la congresista estadounidense Anna Paulina Luna publicado por Newsweek. Damasco, 15 mar (SANA) La revista estadounidense Newsweek consider\u00f3 que \u201ces necesario reorientar la pol\u00edtica exterior estadounidense y que es hora de &hellip;<\/p>\n","protected":false},"author":35,"featured_media":291014,"comment_status":"closed","ping_status":"closed","sticky":false,"template":"","format":"standard","meta":{"footnotes":""},"categories":[597,456,16687,20724,467,7541],"tags":[],"class_list":["post-291013","post","type-post","status-publish","format-standard","has-post-thumbnail","","category-cinta-de-noticias","category-arabe-internacional-politica","category-internacionales","category-minuto-a-minuto","category-siria-y-el-mundo","category-ultimas-noticias"],"_links":{"self":[{"href":"https:\/\/archive.sana.sy\/es\/index.php?rest_route=\/wp\/v2\/posts\/291013"}],"collection":[{"href":"https:\/\/archive.sana.sy\/es\/index.php?rest_route=\/wp\/v2\/posts"}],"about":[{"href":"https:\/\/archive.sana.sy\/es\/index.php?rest_route=\/wp\/v2\/types\/post"}],"author":[{"embeddable":true,"href":"https:\/\/archive.sana.sy\/es\/index.php?rest_route=\/wp\/v2\/users\/35"}],"replies":[{"embeddable":true,"href":"https:\/\/archive.sana.sy\/es\/index.php?rest_route=%2Fwp%2Fv2%2Fcomments&post=291013"}],"version-history":[{"count":1,"href":"https:\/\/archive.sana.sy\/es\/index.php?rest_route=\/wp\/v2\/posts\/291013\/revisions"}],"predecessor-version":[{"id":291015,"href":"https:\/\/archive.sana.sy\/es\/index.php?rest_route=\/wp\/v2\/posts\/291013\/revisions\/291015"}],"wp:featuredmedia":[{"embeddable":true,"href":"https:\/\/archive.sana.sy\/es\/index.php?rest_route=\/wp\/v2\/media\/291014"}],"wp:attachment":[{"href":"https:\/\/archive.sana.sy\/es\/index.php?rest_route=%2Fwp%2Fv2%2Fmedia&parent=291013"}],"wp:term":[{"taxonomy":"category","embeddable":true,"href":"https:\/\/archive.sana.sy\/es\/index.php?rest_route=%2Fwp%2Fv2%2Fcategories&post=291013"},{"taxonomy":"post_tag","embeddable":true,"href":"https:\/\/archive.sana.sy\/es\/index.php?rest_route=%2Fwp%2Fv2%2Ftags&post=291013"}],"curies":[{"name":"wp","href":"https:\/\/api.w.org\/{rel}","templated":true}]}}