{"id":291016,"date":"2023-03-15T13:27:25","date_gmt":"2023-03-15T10:27:25","guid":{"rendered":"http:\/\/107.6.182.27\/es\/?p=291016"},"modified":"2023-03-15T13:27:25","modified_gmt":"2023-03-15T10:27:25","slug":"aclaramos-que-las-conversaciones-oficiales-entre-los-presidentes-bashar-al-assad-y-vladimir-putin-aun-no-han-empezado-como-difunden-algunos-medios-y-esta-previsto-que-ambos-mandatarios-se-reunan-a-la","status":"publish","type":"post","link":"https:\/\/archive.sana.sy\/es\/?p=291016","title":{"rendered":"Aclaramos que las conversaciones oficiales entre los presidentes Bashar Al-Assad y Vladimir Putin a\u00fan no han empezado como difunden algunos medios, y est\u00e1 previsto que ambos mandatarios se re\u00fanan a las 15:00 hora local en Damasco y Mosc\u00fa, en presencia de las delegaciones de los dos pa\u00edses."},"content":{"rendered":"","protected":false},"excerpt":{"rendered":"","protected":false},"author":42,"featured_media":0,"comment_status":"closed","ping_status":"closed","sticky":false,"template":"","format":"standard","meta":{"footnotes":""},"categories":[20724,596],"tags":[],"class_list":["post-291016","post","type-post","status-publish","format-standard","","category-minuto-a-minuto","category-urgente"],"_links":{"self":[{"href":"https:\/\/archive.sana.sy\/es\/index.php?rest_route=\/wp\/v2\/posts\/291016"}],"collection":[{"href":"https:\/\/archive.sana.sy\/es\/index.php?rest_route=\/wp\/v2\/posts"}],"about":[{"href":"https:\/\/archive.sana.sy\/es\/index.php?rest_route=\/wp\/v2\/types\/post"}],"author":[{"embeddable":true,"href":"https:\/\/archive.sana.sy\/es\/index.php?rest_route=\/wp\/v2\/users\/42"}],"replies":[{"embeddable":true,"href":"https:\/\/archive.sana.sy\/es\/index.php?rest_route=%2Fwp%2Fv2%2Fcomments&post=291016"}],"version-history":[{"count":1,"href":"https:\/\/archive.sana.sy\/es\/index.php?rest_route=\/wp\/v2\/posts\/291016\/revisions"}],"predecessor-version":[{"id":291017,"href":"https:\/\/archive.sana.sy\/es\/index.php?rest_route=\/wp\/v2\/posts\/291016\/revisions\/291017"}],"wp:attachment":[{"href":"https:\/\/archive.sana.sy\/es\/index.php?rest_route=%2Fwp%2Fv2%2Fmedia&parent=291016"}],"wp:term":[{"taxonomy":"category","embeddable":true,"href":"https:\/\/archive.sana.sy\/es\/index.php?rest_route=%2Fwp%2Fv2%2Fcategories&post=291016"},{"taxonomy":"post_tag","embeddable":true,"href":"https:\/\/archive.sana.sy\/es\/index.php?rest_route=%2Fwp%2Fv2%2Ftags&post=291016"}],"curies":[{"name":"wp","href":"https:\/\/api.w.org\/{rel}","templated":true}]}}