{"id":291097,"date":"2023-03-15T17:19:06","date_gmt":"2023-03-15T14:19:06","guid":{"rendered":"https:\/\/sana.sy\/es\/?p=291097"},"modified":"2023-03-15T20:24:24","modified_gmt":"2023-03-15T17:24:24","slug":"siria-participa-en-cumbre-economica-arabe-francesa-en-paris","status":"publish","type":"post","link":"https:\/\/archive.sana.sy\/es\/?p=291097","title":{"rendered":"Siria participa en Cumbre Econ\u00f3mica \u00c1rabe-Francesa en Par\u00eds"},"content":{"rendered":"<p style=\"text-align: justify\"><span style=\"color: #800000\"><strong>Par\u00eds, 15 mar (SANA)<\/strong> <\/span>Con la participaci\u00f3n de una delegaci\u00f3n de la Federaci\u00f3n de C\u00e1maras de Comercio de Siria, se dio inicio este mi\u00e9rcoles en la capital francesa Par\u00eds a las labores de la Cumbre Econ\u00f3mica \u00c1rabe-Francesa.<\/p>\n<p style=\"text-align: justify\">En su intervenci\u00f3n, el representante de la Federaci\u00f3n de C\u00e1maras de Comercio de Siria, Musan Nahas, confirm\u00f3 que Siria participa en este evento por invitaci\u00f3n oficial dirigida a ella a trav\u00e9s de la Federaci\u00f3n de C\u00e1maras \u00c1rabes.<\/p>\n<p style=\"text-align: justify\">Consider\u00f3 que esta invitaci\u00f3n representa un importante y gran punto de inflexi\u00f3n en la normalizaci\u00f3n de las relaciones entre Siria y todos.<\/p>\n<p style=\"text-align: justify\">Por otro lado, enfatiz\u00f3 que el levantamiento de las injustas medidas unilaterales impuestas a Siria representa un deber humanitario, debido a que las mismas alcanzaron a todos los sectores vitales, lo que debilit\u00f3 la respuesta a la cat\u00e1strofe del devastador terremoto que golpe\u00f3 el pa\u00eds en el pasado febrero.<\/p>\n<p style=\"text-align: justify\">Cabe se\u00f1alar que la cumbre \u00e1rabe-francesa fue organizada conjuntamente por la C\u00e1mara de Comercio \u201c\u00c1rabe-Francesa\u201d, la Uni\u00f3n de C\u00e1maras \u00c1rabes, la C\u00e1mara de Comercio e Industria de Marsella y la C\u00e1mara de Comercio Internacional.<\/p>\n<p style=\"text-align: justify\">la<\/p>\n","protected":false},"excerpt":{"rendered":"<p>Par\u00eds, 15 mar (SANA) Con la participaci\u00f3n de una delegaci\u00f3n de la Federaci\u00f3n de C\u00e1maras de Comercio de Siria, se dio inicio este mi\u00e9rcoles en la capital francesa Par\u00eds a las labores de la Cumbre Econ\u00f3mica \u00c1rabe-Francesa. En su intervenci\u00f3n, el representante de la Federaci\u00f3n de C\u00e1maras de Comercio de Siria, Musan Nahas, confirm\u00f3 que &hellip;<\/p>\n","protected":false},"author":24,"featured_media":291098,"comment_status":"closed","ping_status":"closed","sticky":false,"template":"","format":"standard","meta":{"footnotes":""},"categories":[447,597,20724,448,467,7541],"tags":[21861,21862,8644,6553],"class_list":["post-291097","post","type-post","status-publish","format-standard","has-post-thumbnail","","category-local-politica","category-cinta-de-noticias","category-minuto-a-minuto","category-noticias","category-siria-y-el-mundo","category-ultimas-noticias","tag-camara-de-comercio","tag-cumbre-economica","tag-francia","tag-siria"],"_links":{"self":[{"href":"https:\/\/archive.sana.sy\/es\/index.php?rest_route=\/wp\/v2\/posts\/291097"}],"collection":[{"href":"https:\/\/archive.sana.sy\/es\/index.php?rest_route=\/wp\/v2\/posts"}],"about":[{"href":"https:\/\/archive.sana.sy\/es\/index.php?rest_route=\/wp\/v2\/types\/post"}],"author":[{"embeddable":true,"href":"https:\/\/archive.sana.sy\/es\/index.php?rest_route=\/wp\/v2\/users\/24"}],"replies":[{"embeddable":true,"href":"https:\/\/archive.sana.sy\/es\/index.php?rest_route=%2Fwp%2Fv2%2Fcomments&post=291097"}],"version-history":[{"count":3,"href":"https:\/\/archive.sana.sy\/es\/index.php?rest_route=\/wp\/v2\/posts\/291097\/revisions"}],"predecessor-version":[{"id":291101,"href":"https:\/\/archive.sana.sy\/es\/index.php?rest_route=\/wp\/v2\/posts\/291097\/revisions\/291101"}],"wp:featuredmedia":[{"embeddable":true,"href":"https:\/\/archive.sana.sy\/es\/index.php?rest_route=\/wp\/v2\/media\/291098"}],"wp:attachment":[{"href":"https:\/\/archive.sana.sy\/es\/index.php?rest_route=%2Fwp%2Fv2%2Fmedia&parent=291097"}],"wp:term":[{"taxonomy":"category","embeddable":true,"href":"https:\/\/archive.sana.sy\/es\/index.php?rest_route=%2Fwp%2Fv2%2Fcategories&post=291097"},{"taxonomy":"post_tag","embeddable":true,"href":"https:\/\/archive.sana.sy\/es\/index.php?rest_route=%2Fwp%2Fv2%2Ftags&post=291097"}],"curies":[{"name":"wp","href":"https:\/\/api.w.org\/{rel}","templated":true}]}}