{"id":291180,"date":"2023-03-16T14:55:01","date_gmt":"2023-03-16T11:55:01","guid":{"rendered":"https:\/\/sana.sy\/es\/?p=291180"},"modified":"2023-03-16T14:55:01","modified_gmt":"2023-03-16T11:55:01","slug":"corea-del-norte-lanza-un-misil-balistico-intercontinental","status":"publish","type":"post","link":"https:\/\/archive.sana.sy\/es\/?p=291180","title":{"rendered":"Corea del Norte lanza un misil bal\u00edstico intercontinental"},"content":{"rendered":"<blockquote>\n<p style=\"text-align: justify;\"><span style=\"color: #993300;\">La prueba coincide con el ejercicio conjunto que desarrollan Se\u00fal y Washington bajo la denominaci\u00f3n Freedom Shield (escudo de libertad, en ingl\u00e9s), que Corea del Norte ha denunciado como &#8220;preparativos para una guerra de agresi\u00f3n&#8221; en su contra.<\/span><\/p>\n<\/blockquote>\n<p style=\"text-align: justify;\"><span style=\"color: #800000;\"><strong>Piongyang, 16 mar (SANA)<\/strong><\/span> Corea del Norte lanz\u00f3 hoy un misil bal\u00edstico de largo alcance hacia el mar de Jap\u00f3n.<\/p>\n<p style=\"text-align: justify;\">Seg\u00fan el Estado Mayor Conjunto de Corea del Sur, el lanzamiento se detect\u00f3 desde el \u00e1rea de Sunan, en Pionyang.<\/p>\n<p style=\"text-align: justify;\">Por su parte, el Ministerio japon\u00e9s de Defensa dijo que el proyectil cay\u00f3 a unos 250 kil\u00f3metros al oeste de la isla de Oshima, en la prefectura Hokkaido, fuera de la zona econ\u00f3mica exclusiva nipona.<\/p>\n<p style=\"text-align: justify;\">La prueba coincide con el ejercicio conjunto de Se\u00fal y Washington bajo la denominaci\u00f3n Freedom Shield, que Corea del Norte denunci\u00f3 como &#8220;preparativos para una guerra de agresi\u00f3n&#8221;.<\/p>\n<p style=\"text-align: justify;\">fm<\/p>\n","protected":false},"excerpt":{"rendered":"<p>La prueba coincide con el ejercicio conjunto que desarrollan Se\u00fal y Washington bajo la denominaci\u00f3n Freedom Shield (escudo de libertad, en ingl\u00e9s), que Corea del Norte ha denunciado como &#8220;preparativos para una guerra de agresi\u00f3n&#8221; en su contra. Piongyang, 16 mar (SANA) Corea del Norte lanz\u00f3 hoy un misil bal\u00edstico de largo alcance hacia el &hellip;<\/p>\n","protected":false},"author":34,"featured_media":291181,"comment_status":"closed","ping_status":"closed","sticky":false,"template":"","format":"standard","meta":{"footnotes":""},"categories":[597,456,20724,7541],"tags":[],"class_list":["post-291180","post","type-post","status-publish","format-standard","has-post-thumbnail","","category-cinta-de-noticias","category-arabe-internacional-politica","category-minuto-a-minuto","category-ultimas-noticias"],"_links":{"self":[{"href":"https:\/\/archive.sana.sy\/es\/index.php?rest_route=\/wp\/v2\/posts\/291180"}],"collection":[{"href":"https:\/\/archive.sana.sy\/es\/index.php?rest_route=\/wp\/v2\/posts"}],"about":[{"href":"https:\/\/archive.sana.sy\/es\/index.php?rest_route=\/wp\/v2\/types\/post"}],"author":[{"embeddable":true,"href":"https:\/\/archive.sana.sy\/es\/index.php?rest_route=\/wp\/v2\/users\/34"}],"replies":[{"embeddable":true,"href":"https:\/\/archive.sana.sy\/es\/index.php?rest_route=%2Fwp%2Fv2%2Fcomments&post=291180"}],"version-history":[{"count":1,"href":"https:\/\/archive.sana.sy\/es\/index.php?rest_route=\/wp\/v2\/posts\/291180\/revisions"}],"predecessor-version":[{"id":291182,"href":"https:\/\/archive.sana.sy\/es\/index.php?rest_route=\/wp\/v2\/posts\/291180\/revisions\/291182"}],"wp:featuredmedia":[{"embeddable":true,"href":"https:\/\/archive.sana.sy\/es\/index.php?rest_route=\/wp\/v2\/media\/291181"}],"wp:attachment":[{"href":"https:\/\/archive.sana.sy\/es\/index.php?rest_route=%2Fwp%2Fv2%2Fmedia&parent=291180"}],"wp:term":[{"taxonomy":"category","embeddable":true,"href":"https:\/\/archive.sana.sy\/es\/index.php?rest_route=%2Fwp%2Fv2%2Fcategories&post=291180"},{"taxonomy":"post_tag","embeddable":true,"href":"https:\/\/archive.sana.sy\/es\/index.php?rest_route=%2Fwp%2Fv2%2Ftags&post=291180"}],"curies":[{"name":"wp","href":"https:\/\/api.w.org\/{rel}","templated":true}]}}