{"id":291183,"date":"2023-03-16T15:20:27","date_gmt":"2023-03-16T12:20:27","guid":{"rendered":"https:\/\/sana.sy\/es\/?p=291183"},"modified":"2023-03-16T15:20:27","modified_gmt":"2023-03-16T12:20:27","slug":"presidente-al-assad-en-una-entrevista-a-rt-las-perdidas-causadas-por-la-guerra-terrorista-en-siria-superan-los-400-mil-millones-de-dolares-y-los-terremotos-ocasionaron-perdidas-por-encima-de-los-50","status":"publish","type":"post","link":"https:\/\/archive.sana.sy\/es\/?p=291183","title":{"rendered":"Presidente Al-Assad en una entrevista a RT: las p\u00e9rdidas causadas por la guerra terrorista en Siria superan los 400 mil millones de d\u00f3lares, y los terremotos ocasionaron p\u00e9rdidas por encima de los 50 mil millones, y esta cifra podr\u00eda aumentar"},"content":{"rendered":"","protected":false},"excerpt":{"rendered":"","protected":false},"author":34,"featured_media":0,"comment_status":"closed","ping_status":"closed","sticky":false,"template":"","format":"standard","meta":{"footnotes":""},"categories":[596],"tags":[],"class_list":["post-291183","post","type-post","status-publish","format-standard","","category-urgente"],"_links":{"self":[{"href":"https:\/\/archive.sana.sy\/es\/index.php?rest_route=\/wp\/v2\/posts\/291183"}],"collection":[{"href":"https:\/\/archive.sana.sy\/es\/index.php?rest_route=\/wp\/v2\/posts"}],"about":[{"href":"https:\/\/archive.sana.sy\/es\/index.php?rest_route=\/wp\/v2\/types\/post"}],"author":[{"embeddable":true,"href":"https:\/\/archive.sana.sy\/es\/index.php?rest_route=\/wp\/v2\/users\/34"}],"replies":[{"embeddable":true,"href":"https:\/\/archive.sana.sy\/es\/index.php?rest_route=%2Fwp%2Fv2%2Fcomments&post=291183"}],"version-history":[{"count":1,"href":"https:\/\/archive.sana.sy\/es\/index.php?rest_route=\/wp\/v2\/posts\/291183\/revisions"}],"predecessor-version":[{"id":291184,"href":"https:\/\/archive.sana.sy\/es\/index.php?rest_route=\/wp\/v2\/posts\/291183\/revisions\/291184"}],"wp:attachment":[{"href":"https:\/\/archive.sana.sy\/es\/index.php?rest_route=%2Fwp%2Fv2%2Fmedia&parent=291183"}],"wp:term":[{"taxonomy":"category","embeddable":true,"href":"https:\/\/archive.sana.sy\/es\/index.php?rest_route=%2Fwp%2Fv2%2Fcategories&post=291183"},{"taxonomy":"post_tag","embeddable":true,"href":"https:\/\/archive.sana.sy\/es\/index.php?rest_route=%2Fwp%2Fv2%2Ftags&post=291183"}],"curies":[{"name":"wp","href":"https:\/\/api.w.org\/{rel}","templated":true}]}}