{"id":291185,"date":"2023-03-16T15:24:45","date_gmt":"2023-03-16T12:24:45","guid":{"rendered":"https:\/\/sana.sy\/es\/?p=291185"},"modified":"2023-03-16T15:24:45","modified_gmt":"2023-03-16T12:24:45","slug":"presidente-al-assad-occidente-construye-su-politica-con-siria-y-el-mundo-sobre-la-hipocresia-y-las-mentiras-la-politica-europea-esta-basada-en-mentiras","status":"publish","type":"post","link":"https:\/\/archive.sana.sy\/es\/?p=291185","title":{"rendered":"Presidente Al-Assad: Occidente construye su pol\u00edtica con Siria y el mundo sobre la hipocres\u00eda y las mentiras. La pol\u00edtica europea est\u00e1 basada en mentiras."},"content":{"rendered":"","protected":false},"excerpt":{"rendered":"","protected":false},"author":34,"featured_media":0,"comment_status":"closed","ping_status":"closed","sticky":false,"template":"","format":"standard","meta":{"footnotes":""},"categories":[596],"tags":[],"class_list":["post-291185","post","type-post","status-publish","format-standard","","category-urgente"],"_links":{"self":[{"href":"https:\/\/archive.sana.sy\/es\/index.php?rest_route=\/wp\/v2\/posts\/291185"}],"collection":[{"href":"https:\/\/archive.sana.sy\/es\/index.php?rest_route=\/wp\/v2\/posts"}],"about":[{"href":"https:\/\/archive.sana.sy\/es\/index.php?rest_route=\/wp\/v2\/types\/post"}],"author":[{"embeddable":true,"href":"https:\/\/archive.sana.sy\/es\/index.php?rest_route=\/wp\/v2\/users\/34"}],"replies":[{"embeddable":true,"href":"https:\/\/archive.sana.sy\/es\/index.php?rest_route=%2Fwp%2Fv2%2Fcomments&post=291185"}],"version-history":[{"count":1,"href":"https:\/\/archive.sana.sy\/es\/index.php?rest_route=\/wp\/v2\/posts\/291185\/revisions"}],"predecessor-version":[{"id":291186,"href":"https:\/\/archive.sana.sy\/es\/index.php?rest_route=\/wp\/v2\/posts\/291185\/revisions\/291186"}],"wp:attachment":[{"href":"https:\/\/archive.sana.sy\/es\/index.php?rest_route=%2Fwp%2Fv2%2Fmedia&parent=291185"}],"wp:term":[{"taxonomy":"category","embeddable":true,"href":"https:\/\/archive.sana.sy\/es\/index.php?rest_route=%2Fwp%2Fv2%2Fcategories&post=291185"},{"taxonomy":"post_tag","embeddable":true,"href":"https:\/\/archive.sana.sy\/es\/index.php?rest_route=%2Fwp%2Fv2%2Ftags&post=291185"}],"curies":[{"name":"wp","href":"https:\/\/api.w.org\/{rel}","templated":true}]}}