{"id":291194,"date":"2023-03-16T16:15:39","date_gmt":"2023-03-16T13:15:39","guid":{"rendered":"https:\/\/sana.sy\/es\/?p=291194"},"modified":"2023-03-18T15:35:06","modified_gmt":"2023-03-18T12:35:06","slug":"presidente-al-assad-estima-en-400-mil-millones-de-dolares-las-perdidas-por-la-guerra-impuesta-a-siria","status":"publish","type":"post","link":"https:\/\/archive.sana.sy\/es\/?p=291194","title":{"rendered":"Presidente Al-Assad a RT: Estados Unidos es el pa\u00eds delincuente m\u00e1s grande del mundo"},"content":{"rendered":"<p style=\"text-align: justify;\"><span style=\"color: #800000;\"><strong>Mosc\u00fa, 16 mar (SANA)\u00a0 \u00a0<\/strong><\/span>El presidente Bashar al-Assad afirm\u00f3 que Siria no ha roto sus relaciones con ning\u00fan pa\u00eds \u00e1rabe, y es natural que comunique con todos.<\/p>\n<p style=\"text-align: justify;\">En una entrevista concedida al canal ruso RT, el mandatario dijo que la pol\u00edtica que sigue Occidente hacia Siria y el mundo se basa en la hipocres\u00eda y la mentira.<\/p>\n<p style=\"text-align: justify;\">\u201cEstados Unidos es el pa\u00eds delincuente m\u00e1s grande del mundo, y la visita del jefe de Estado Mayor al noreste de Siria es una violaci\u00f3n del derecho internacional\u201d, asegur\u00f3.<\/p>\n<p style=\"text-align: justify;\">El presidente Al-Assad afirm\u00f3 hoy que las p\u00e9rdidas causadas por la guerra terrorista impuesta a Siria desde 2011 superan los 400 mil millones de d\u00f3lares, mientras los terremotos ocasionaron p\u00e9rdidas por encima de los 50 mil millones, y esta cifra, seg\u00fan el mandatario, podr\u00eda aumentar.<\/p>\n<p style=\"text-align: justify;\">Acus\u00f3 a Occidente de construir su pol\u00edtica con Siria y el mundo sobre la hipocres\u00eda y las mentiras. La pol\u00edtica europea est\u00e1 basada en mentiras, afirm\u00f3.<\/p>\n<p style=\"text-align: justify;\">Sobre Turqu\u00eda, Al-Assad coment\u00f3 que el problema con este pa\u00eds es con sus pol\u00edticos y no con el pueblo turco.<\/p>\n<p style=\"text-align: justify;\">La retirada de las fuerzas turcas de Siria y detener el apoyo de Ankara al terrorismo es un requisito clave para una reuni\u00f3n con Erdogan, aclar\u00f3.<\/p>\n<p style=\"text-align: justify;\">Por otro lado, denunci\u00f3 que cada vez el ej\u00e9rcito sirio avanzaba contra los terroristas, \u201cIsrael\u201d atacaba el territorio sirio como parte de su pol\u00edtica de barajar las cartas.<\/p>\n<p style=\"text-align: justify;\">En su entrevista, el Gobernante dio la bienvenida al acuerdo saud\u00ed-iran\u00ed con la mediaci\u00f3n de China.<\/p>\n<p style=\"text-align: justify;\">&#8220;La pol\u00edtica saud\u00ed ha tomado un rumbo diferente hacia Siria durante a\u00f1os, y ya no hay intervenci\u00f3n en los asuntos internos, incluso Riad no interfiere en los asuntos internos nuestros ni ofrece apoyo a ning\u00fan grupo armado en Siria&#8221;, precis\u00f3.<\/p>\n<p style=\"text-align: justify;\">En cuanto a Estados Unidos, el presidente Al-Assad consider\u00f3 que los lobbies dirigen las pol\u00edticas de este pa\u00eds al servicio de sus objetivos econ\u00f3micos, pero en la actualidad han comenzado a perder su hegemon\u00eda absoluta sobre los mercados en el mundo.<\/p>\n<p style=\"text-align: justify;\">Sobre las iniciativas \u00e1rabes hacia Siria, Al-Assad explic\u00f3 que &#8220;Siria no ha roto sus relaciones con ning\u00fan pa\u00eds \u00e1rabe, y es natural que comunique con todos.<\/p>\n<p style=\"text-align: justify;\">&#8220;Existe un movimiento \u00e1rabe hacia Siria mediante la presentaci\u00f3n de ideas, y estamos esperando planes ejecutivos para eso&#8221;, manifest\u00f3.<\/p>\n<p style=\"text-align: justify;\">Asever\u00f3 que para volver a la Liga \u00c1rabe, debe haber buenas relaciones bilaterales y no ajustes de cuentas. Las relaciones sirio-\u00e1rabes deben construirse bilateralmente, y nuestra meta es lograr acci\u00f3n \u00e1rabe conjunta.<\/p>\n<p style=\"text-align: justify;\">fm\/sm<\/p>\n","protected":false},"excerpt":{"rendered":"<p>Mosc\u00fa, 16 mar (SANA)\u00a0 \u00a0El presidente Bashar al-Assad afirm\u00f3 que Siria no ha roto sus relaciones con ning\u00fan pa\u00eds \u00e1rabe, y es natural que comunique con todos. En una entrevista concedida al canal ruso RT, el mandatario dijo que la pol\u00edtica que sigue Occidente hacia Siria y el mundo se basa en la hipocres\u00eda y &hellip;<\/p>\n","protected":false},"author":39,"featured_media":291356,"comment_status":"closed","ping_status":"closed","sticky":false,"template":"","format":"standard","meta":{"footnotes":""},"categories":[477,597,16237,467,583,626],"tags":[],"class_list":["post-291194","post","type-post","status-publish","format-standard","has-post-thumbnail","","category-noticias-edulcorantes","category-cinta-de-noticias","category-presidence-de-la-republique-arabe-syria","category-siria-y-el-mundo","category-slide","category-sr-presidente"],"_links":{"self":[{"href":"https:\/\/archive.sana.sy\/es\/index.php?rest_route=\/wp\/v2\/posts\/291194"}],"collection":[{"href":"https:\/\/archive.sana.sy\/es\/index.php?rest_route=\/wp\/v2\/posts"}],"about":[{"href":"https:\/\/archive.sana.sy\/es\/index.php?rest_route=\/wp\/v2\/types\/post"}],"author":[{"embeddable":true,"href":"https:\/\/archive.sana.sy\/es\/index.php?rest_route=\/wp\/v2\/users\/39"}],"replies":[{"embeddable":true,"href":"https:\/\/archive.sana.sy\/es\/index.php?rest_route=%2Fwp%2Fv2%2Fcomments&post=291194"}],"version-history":[{"count":3,"href":"https:\/\/archive.sana.sy\/es\/index.php?rest_route=\/wp\/v2\/posts\/291194\/revisions"}],"predecessor-version":[{"id":291198,"href":"https:\/\/archive.sana.sy\/es\/index.php?rest_route=\/wp\/v2\/posts\/291194\/revisions\/291198"}],"wp:featuredmedia":[{"embeddable":true,"href":"https:\/\/archive.sana.sy\/es\/index.php?rest_route=\/wp\/v2\/media\/291356"}],"wp:attachment":[{"href":"https:\/\/archive.sana.sy\/es\/index.php?rest_route=%2Fwp%2Fv2%2Fmedia&parent=291194"}],"wp:term":[{"taxonomy":"category","embeddable":true,"href":"https:\/\/archive.sana.sy\/es\/index.php?rest_route=%2Fwp%2Fv2%2Fcategories&post=291194"},{"taxonomy":"post_tag","embeddable":true,"href":"https:\/\/archive.sana.sy\/es\/index.php?rest_route=%2Fwp%2Fv2%2Ftags&post=291194"}],"curies":[{"name":"wp","href":"https:\/\/api.w.org\/{rel}","templated":true}]}}