{"id":291212,"date":"2023-03-16T19:19:38","date_gmt":"2023-03-16T16:19:38","guid":{"rendered":"https:\/\/sana.sy\/es\/?p=291212"},"modified":"2023-03-16T19:19:56","modified_gmt":"2023-03-16T16:19:56","slug":"soldados-israelies-asesinan-a-cuatro-palestinos-e-hieren-a-otros-23-en-la-ciudad-de-yenin","status":"publish","type":"post","link":"https:\/\/archive.sana.sy\/es\/?p=291212","title":{"rendered":"Soldados israel\u00edes asesinan a cuatro palestinos e hieren a otros 23 en Yen\u00edn"},"content":{"rendered":"<p style=\"text-align: justify;\"><span style=\"color: #800000;\"><strong>Jerusal\u00e9n ocupada, 16 mar (SANA)\u00a0<\/strong> <\/span>Cuatro palestinos murieron y otros 23 resultaron heridos hoy, en una nueva agresi\u00f3n de las fuerzas de ocupaci\u00f3n israel\u00edes contra la ciudad de Yen\u00edn y su campamento en Cisjordania.<\/p>\n<p style=\"text-align: justify;\">La agencia Wafa inform\u00f3 que las tropas del ocupante irrumpieron en el centro de la mencionada ciudad y dispararon directamente contra los palestinos, lo que provoc\u00f3 la muerte de cuatro palestinos y la lesi\u00f3n de otros 23, cuatro de ellos con heridas graves.<\/p>\n<p style=\"text-align: justify;\">Con el asesinato de los cuatro palestinos, el n\u00famero de muertos por disparos israel\u00edes, desde principios de este a\u00f1o, asciende a 88, incluidos 16 ni\u00f1os.<\/p>\n<p style=\"text-align: justify;\">sm<\/p>\n","protected":false},"excerpt":{"rendered":"<p>Jerusal\u00e9n ocupada, 16 mar (SANA)\u00a0 Cuatro palestinos murieron y otros 23 resultaron heridos hoy, en una nueva agresi\u00f3n de las fuerzas de ocupaci\u00f3n israel\u00edes contra la ciudad de Yen\u00edn y su campamento en Cisjordania. La agencia Wafa inform\u00f3 que las tropas del ocupante irrumpieron en el centro de la mencionada ciudad y dispararon directamente contra &hellip;<\/p>\n","protected":false},"author":39,"featured_media":291213,"comment_status":"closed","ping_status":"closed","sticky":false,"template":"","format":"standard","meta":{"footnotes":""},"categories":[597,456,16687,7541],"tags":[],"class_list":["post-291212","post","type-post","status-publish","format-standard","has-post-thumbnail","","category-cinta-de-noticias","category-arabe-internacional-politica","category-internacionales","category-ultimas-noticias"],"_links":{"self":[{"href":"https:\/\/archive.sana.sy\/es\/index.php?rest_route=\/wp\/v2\/posts\/291212"}],"collection":[{"href":"https:\/\/archive.sana.sy\/es\/index.php?rest_route=\/wp\/v2\/posts"}],"about":[{"href":"https:\/\/archive.sana.sy\/es\/index.php?rest_route=\/wp\/v2\/types\/post"}],"author":[{"embeddable":true,"href":"https:\/\/archive.sana.sy\/es\/index.php?rest_route=\/wp\/v2\/users\/39"}],"replies":[{"embeddable":true,"href":"https:\/\/archive.sana.sy\/es\/index.php?rest_route=%2Fwp%2Fv2%2Fcomments&post=291212"}],"version-history":[{"count":2,"href":"https:\/\/archive.sana.sy\/es\/index.php?rest_route=\/wp\/v2\/posts\/291212\/revisions"}],"predecessor-version":[{"id":291215,"href":"https:\/\/archive.sana.sy\/es\/index.php?rest_route=\/wp\/v2\/posts\/291212\/revisions\/291215"}],"wp:featuredmedia":[{"embeddable":true,"href":"https:\/\/archive.sana.sy\/es\/index.php?rest_route=\/wp\/v2\/media\/291213"}],"wp:attachment":[{"href":"https:\/\/archive.sana.sy\/es\/index.php?rest_route=%2Fwp%2Fv2%2Fmedia&parent=291212"}],"wp:term":[{"taxonomy":"category","embeddable":true,"href":"https:\/\/archive.sana.sy\/es\/index.php?rest_route=%2Fwp%2Fv2%2Fcategories&post=291212"},{"taxonomy":"post_tag","embeddable":true,"href":"https:\/\/archive.sana.sy\/es\/index.php?rest_route=%2Fwp%2Fv2%2Ftags&post=291212"}],"curies":[{"name":"wp","href":"https:\/\/api.w.org\/{rel}","templated":true}]}}