{"id":291219,"date":"2023-03-16T20:19:03","date_gmt":"2023-03-16T17:19:03","guid":{"rendered":"https:\/\/sana.sy\/es\/?p=291219"},"modified":"2023-03-16T20:20:47","modified_gmt":"2023-03-16T17:20:47","slug":"el-bce-sube-los-tipos-de-interes","status":"publish","type":"post","link":"https:\/\/archive.sana.sy\/es\/?p=291219","title":{"rendered":"El BCE sube los tipos de inter\u00e9s"},"content":{"rendered":"<p style=\"text-align: justify;\"><span style=\"color: #800000;\"><strong>Berl\u00edn, 16 mar (SANA)<\/strong> <\/span>El Banco Central Europeo (BCE) anunci\u00f3 hoy una subida de medio punto porcentual de los tipos de inter\u00e9s, tal y como hab\u00eda prometido en sesiones anteriores.<\/p>\n<p style=\"text-align: justify;\">Seg\u00fan la agencia francesa de noticias France-Presse, el banco mostr\u00f3 su apego a la pol\u00edtica de aumento de intereses con su enfoque en combatir la alta inflaci\u00f3n, a pesar de la agitaci\u00f3n del mercado debido a los temores de una crisis bancaria m\u00e1s amplia.<\/p>\n<p style=\"text-align: justify;\">Esta decisi\u00f3n se produce en medio de una crisis en los mercados financieros tras el anuncio de los tres colapsos sucesivos de los bancos estadounidenses \u201cSilicon Valley\u201d, \u201cSilvergate Capital\u201d y \u201cSignature\u201d.<\/p>\n<p style=\"text-align: justify;\">sm<\/p>\n","protected":false},"excerpt":{"rendered":"<p>Berl\u00edn, 16 mar (SANA) El Banco Central Europeo (BCE) anunci\u00f3 hoy una subida de medio punto porcentual de los tipos de inter\u00e9s, tal y como hab\u00eda prometido en sesiones anteriores. Seg\u00fan la agencia francesa de noticias France-Presse, el banco mostr\u00f3 su apego a la pol\u00edtica de aumento de intereses con su enfoque en combatir la &hellip;<\/p>\n","protected":false},"author":39,"featured_media":291220,"comment_status":"closed","ping_status":"closed","sticky":false,"template":"","format":"standard","meta":{"footnotes":""},"categories":[597,16686,483,485,456,16687,7541],"tags":[],"class_list":["post-291219","post","type-post","status-publish","format-standard","has-post-thumbnail","","category-cinta-de-noticias","category-economia","category-negocios-y-finanzas","category-informes-negocios-y-finanzas","category-arabe-internacional-politica","category-internacionales","category-ultimas-noticias"],"_links":{"self":[{"href":"https:\/\/archive.sana.sy\/es\/index.php?rest_route=\/wp\/v2\/posts\/291219"}],"collection":[{"href":"https:\/\/archive.sana.sy\/es\/index.php?rest_route=\/wp\/v2\/posts"}],"about":[{"href":"https:\/\/archive.sana.sy\/es\/index.php?rest_route=\/wp\/v2\/types\/post"}],"author":[{"embeddable":true,"href":"https:\/\/archive.sana.sy\/es\/index.php?rest_route=\/wp\/v2\/users\/39"}],"replies":[{"embeddable":true,"href":"https:\/\/archive.sana.sy\/es\/index.php?rest_route=%2Fwp%2Fv2%2Fcomments&post=291219"}],"version-history":[{"count":1,"href":"https:\/\/archive.sana.sy\/es\/index.php?rest_route=\/wp\/v2\/posts\/291219\/revisions"}],"predecessor-version":[{"id":291221,"href":"https:\/\/archive.sana.sy\/es\/index.php?rest_route=\/wp\/v2\/posts\/291219\/revisions\/291221"}],"wp:featuredmedia":[{"embeddable":true,"href":"https:\/\/archive.sana.sy\/es\/index.php?rest_route=\/wp\/v2\/media\/291220"}],"wp:attachment":[{"href":"https:\/\/archive.sana.sy\/es\/index.php?rest_route=%2Fwp%2Fv2%2Fmedia&parent=291219"}],"wp:term":[{"taxonomy":"category","embeddable":true,"href":"https:\/\/archive.sana.sy\/es\/index.php?rest_route=%2Fwp%2Fv2%2Fcategories&post=291219"},{"taxonomy":"post_tag","embeddable":true,"href":"https:\/\/archive.sana.sy\/es\/index.php?rest_route=%2Fwp%2Fv2%2Ftags&post=291219"}],"curies":[{"name":"wp","href":"https:\/\/api.w.org\/{rel}","templated":true}]}}