{"id":291240,"date":"2023-03-17T09:18:23","date_gmt":"2023-03-17T06:18:23","guid":{"rendered":"https:\/\/sana.sy\/es\/?p=291240"},"modified":"2023-03-17T09:18:23","modified_gmt":"2023-03-17T06:18:23","slug":"kremlin-los-presidentes-putin-y-al-assad-mantuvieron-conversaciones-muy-sustanciales","status":"publish","type":"post","link":"https:\/\/archive.sana.sy\/es\/?p=291240","title":{"rendered":"Kremlin: Los presidentes Putin y Al-Assad mantuvieron conversaciones muy sustanciales"},"content":{"rendered":"<blockquote>\n<p style=\"text-align: justify;\"><span style=\"color: #993300;\">\u201cComo resultado de las conversaciones entre los dos mandatarios, se decidi\u00f3 firmar un documento muy importante sobre el desarrollo del comercio y la cooperaci\u00f3n econ\u00f3mica entre Rusia y Siria\u201d<\/span><\/p>\n<\/blockquote>\n<p style=\"text-align: justify;\"><span style=\"color: #800000;\"><strong>Mosc\u00fa, 17 mar (SANA)<\/strong> <\/span>El Kremlin anunci\u00f3 que las conversaciones entre los presidentes Vladimir Putin y Bashar al-Assad fueron muy sustanciales y cubrieron varias \u00e1reas, incluida la econom\u00eda.<\/p>\n<p style=\"text-align: justify;\">RT cit\u00f3 al portavoz presidencial ruso, Dimitry Peskov, diciendo que \u201cse llevaron a cabo conversaciones muy importantes al m\u00e1s alto nivel, precedidas por contactos entre departamentos, especialmente a trav\u00e9s de la Canciller\u00eda y el Ministerio de Defensa\u201d.<\/p>\n<p style=\"text-align: justify;\">\u201cComo resultado de las conversaciones entre los dos mandatarios, se decidi\u00f3 firmar un documento muy importante sobre el desarrollo del comercio y la cooperaci\u00f3n econ\u00f3mica entre Rusia y Siria\u201d, agreg\u00f3 Peskov.<\/p>\n<p style=\"text-align: justify;\">El vocero se\u00f1al\u00f3 tambi\u00e9n que las conversaciones trataron el tema de las relaciones entre Siria y Turqu\u00eda.<\/p>\n<p style=\"text-align: justify;\">Kremlin: Los presidentes Putin y Al-Assad mantuvieron conversaciones muy sustanciales<\/p>\n","protected":false},"excerpt":{"rendered":"<p>\u201cComo resultado de las conversaciones entre los dos mandatarios, se decidi\u00f3 firmar un documento muy importante sobre el desarrollo del comercio y la cooperaci\u00f3n econ\u00f3mica entre Rusia y Siria\u201d Mosc\u00fa, 17 mar (SANA) El Kremlin anunci\u00f3 que las conversaciones entre los presidentes Vladimir Putin y Bashar al-Assad fueron muy sustanciales y cubrieron varias \u00e1reas, incluida &hellip;<\/p>\n","protected":false},"author":30,"featured_media":291241,"comment_status":"closed","ping_status":"closed","sticky":false,"template":"","format":"standard","meta":{"footnotes":""},"categories":[597,20724,467,7541],"tags":[],"class_list":["post-291240","post","type-post","status-publish","format-standard","has-post-thumbnail","","category-cinta-de-noticias","category-minuto-a-minuto","category-siria-y-el-mundo","category-ultimas-noticias"],"_links":{"self":[{"href":"https:\/\/archive.sana.sy\/es\/index.php?rest_route=\/wp\/v2\/posts\/291240"}],"collection":[{"href":"https:\/\/archive.sana.sy\/es\/index.php?rest_route=\/wp\/v2\/posts"}],"about":[{"href":"https:\/\/archive.sana.sy\/es\/index.php?rest_route=\/wp\/v2\/types\/post"}],"author":[{"embeddable":true,"href":"https:\/\/archive.sana.sy\/es\/index.php?rest_route=\/wp\/v2\/users\/30"}],"replies":[{"embeddable":true,"href":"https:\/\/archive.sana.sy\/es\/index.php?rest_route=%2Fwp%2Fv2%2Fcomments&post=291240"}],"version-history":[{"count":1,"href":"https:\/\/archive.sana.sy\/es\/index.php?rest_route=\/wp\/v2\/posts\/291240\/revisions"}],"predecessor-version":[{"id":291242,"href":"https:\/\/archive.sana.sy\/es\/index.php?rest_route=\/wp\/v2\/posts\/291240\/revisions\/291242"}],"wp:featuredmedia":[{"embeddable":true,"href":"https:\/\/archive.sana.sy\/es\/index.php?rest_route=\/wp\/v2\/media\/291241"}],"wp:attachment":[{"href":"https:\/\/archive.sana.sy\/es\/index.php?rest_route=%2Fwp%2Fv2%2Fmedia&parent=291240"}],"wp:term":[{"taxonomy":"category","embeddable":true,"href":"https:\/\/archive.sana.sy\/es\/index.php?rest_route=%2Fwp%2Fv2%2Fcategories&post=291240"},{"taxonomy":"post_tag","embeddable":true,"href":"https:\/\/archive.sana.sy\/es\/index.php?rest_route=%2Fwp%2Fv2%2Ftags&post=291240"}],"curies":[{"name":"wp","href":"https:\/\/api.w.org\/{rel}","templated":true}]}}