{"id":291262,"date":"2023-03-17T15:04:25","date_gmt":"2023-03-17T12:04:25","guid":{"rendered":"https:\/\/sana.sy\/es\/?p=291262"},"modified":"2023-03-17T15:04:25","modified_gmt":"2023-03-17T12:04:25","slug":"una-huelga-general-palestina-en-jenin-cisjordania","status":"publish","type":"post","link":"https:\/\/archive.sana.sy\/es\/?p=291262","title":{"rendered":"Una huelga general palestina en Jenin, Cisjordania"},"content":{"rendered":"<blockquote>\n<p style=\"text-align: justify;\"><em><span style=\"color: #993300;\">La huelga fue convocada por las fuerzas nacionales palestinas, y paraliz\u00f3 todos los \u00e1mbitos de la vida, incluso los comercios e instituciones privadas cerraron sus puertas y los medios de transporte y las telecomunicaciones se detuvieron.<\/span><\/em><\/p>\n<\/blockquote>\n<p style=\"text-align: justify;\"><span style=\"color: #800000;\"><strong>Jerusal\u00e9n ocupada, 17 mar (SANA)<\/strong> <\/span>La ciudad de Jenin en Cisjordania vive una huelga general en protesta y condena a la continua agresi\u00f3n israel\u00ed contra esta urbe y su campamento, que caus\u00f3 la muerte de cuatro palestinos.<\/p>\n<p style=\"text-align: justify;\">Medios palestinos informaron que la huelga fue convocada por las fuerzas nacionales palestinas, y paraliz\u00f3 todos los \u00e1mbitos de la vida, incluso los comercios e instituciones privadas cerraron sus puertas y los medios de transporte y las telecomunicaciones se detuvieron.<\/p>\n<p style=\"text-align: justify;\">La v\u00edspera, las fuerzas de ocupaci\u00f3n asaltaron el centro de la ciudad de Jenin y dispararon directamente contra los palestinos en una calle concurrida, asesinando a cuatro e hiriendo a otros 23, cuatro de ellos de gravedad.<\/p>\n<p style=\"text-align: justify;\">fm\/sm<\/p>\n","protected":false},"excerpt":{"rendered":"<p>La huelga fue convocada por las fuerzas nacionales palestinas, y paraliz\u00f3 todos los \u00e1mbitos de la vida, incluso los comercios e instituciones privadas cerraron sus puertas y los medios de transporte y las telecomunicaciones se detuvieron. Jerusal\u00e9n ocupada, 17 mar (SANA) La ciudad de Jenin en Cisjordania vive una huelga general en protesta y condena &hellip;<\/p>\n","protected":false},"author":39,"featured_media":291263,"comment_status":"closed","ping_status":"closed","sticky":false,"template":"","format":"standard","meta":{"footnotes":""},"categories":[597,456,16687,20724,7541],"tags":[],"class_list":["post-291262","post","type-post","status-publish","format-standard","has-post-thumbnail","","category-cinta-de-noticias","category-arabe-internacional-politica","category-internacionales","category-minuto-a-minuto","category-ultimas-noticias"],"_links":{"self":[{"href":"https:\/\/archive.sana.sy\/es\/index.php?rest_route=\/wp\/v2\/posts\/291262"}],"collection":[{"href":"https:\/\/archive.sana.sy\/es\/index.php?rest_route=\/wp\/v2\/posts"}],"about":[{"href":"https:\/\/archive.sana.sy\/es\/index.php?rest_route=\/wp\/v2\/types\/post"}],"author":[{"embeddable":true,"href":"https:\/\/archive.sana.sy\/es\/index.php?rest_route=\/wp\/v2\/users\/39"}],"replies":[{"embeddable":true,"href":"https:\/\/archive.sana.sy\/es\/index.php?rest_route=%2Fwp%2Fv2%2Fcomments&post=291262"}],"version-history":[{"count":1,"href":"https:\/\/archive.sana.sy\/es\/index.php?rest_route=\/wp\/v2\/posts\/291262\/revisions"}],"predecessor-version":[{"id":291264,"href":"https:\/\/archive.sana.sy\/es\/index.php?rest_route=\/wp\/v2\/posts\/291262\/revisions\/291264"}],"wp:featuredmedia":[{"embeddable":true,"href":"https:\/\/archive.sana.sy\/es\/index.php?rest_route=\/wp\/v2\/media\/291263"}],"wp:attachment":[{"href":"https:\/\/archive.sana.sy\/es\/index.php?rest_route=%2Fwp%2Fv2%2Fmedia&parent=291262"}],"wp:term":[{"taxonomy":"category","embeddable":true,"href":"https:\/\/archive.sana.sy\/es\/index.php?rest_route=%2Fwp%2Fv2%2Fcategories&post=291262"},{"taxonomy":"post_tag","embeddable":true,"href":"https:\/\/archive.sana.sy\/es\/index.php?rest_route=%2Fwp%2Fv2%2Ftags&post=291262"}],"curies":[{"name":"wp","href":"https:\/\/api.w.org\/{rel}","templated":true}]}}