{"id":291368,"date":"2023-03-18T16:15:47","date_gmt":"2023-03-18T13:15:47","guid":{"rendered":"http:\/\/107.6.182.27\/es\/?p=291368"},"modified":"2023-03-18T16:15:47","modified_gmt":"2023-03-18T13:15:47","slug":"fuerzas-israelies-atacan-a-agricultores-y-pescadores-palestinos-en-gaza","status":"publish","type":"post","link":"https:\/\/archive.sana.sy\/es\/?p=291368","title":{"rendered":"Fuerzas israel\u00edes atacan a agricultores y pescadores palestinos en Gaza"},"content":{"rendered":"<blockquote>\n<p style=\"text-align: justify;\"><span style=\"color: #993300;\">Seg\u00fan reportes de la agencia de noticias Wafa, los militares israel\u00edes atacaron a los agricultores y los obligaron a abandonar sus tierras, mientras la armada del ocupante dispar\u00f3 contra los pescadores palestinos<\/span><\/p>\n<\/blockquote>\n<p style=\"text-align: justify;\"><span style=\"color: #800000;\"><strong>Jerusal\u00e9n ocupada, 18 mar (SANA)<\/strong><\/span> Las fuerzas de ocupaci\u00f3n israel\u00edes volvieron a atacar los agricultores palestinos en diferentes \u00e1reas de la Franja de Gaza.<\/p>\n<p style=\"text-align: justify;\">Seg\u00fan reportes de la agencia de noticias Wafa, los militares israel\u00edes atacaron a los agricultores en la localidad de Al-Qarara, al noreste de Jan Yunis, en el sur de Gaza, en la ciudad central de Deir al-Balah y en la ciudad de Jabalia en el norte. El fuego israel\u00ed oblig\u00f3 a los campesinos a abandonar sus tierras.<\/p>\n<p style=\"text-align: justify;\">En un contexto relacionado, la armada del ocupante dispar\u00f3 contra los pescadores palestinos en el mar frente a la costa de la ciudad de Beit Lahia, en el norte de la Franja de Gaza.<\/p>\n<p style=\"text-align: justify;\">Las fuerzas israel\u00edes atacan deliberadamente las tierras agr\u00edcolas y los barcos de pesca para endurecer su bloqueo contra el Sector.<\/p>\n<p style=\"text-align: justify;\">fm\/as<\/p>\n","protected":false},"excerpt":{"rendered":"<p>Seg\u00fan reportes de la agencia de noticias Wafa, los militares israel\u00edes atacaron a los agricultores y los obligaron a abandonar sus tierras, mientras la armada del ocupante dispar\u00f3 contra los pescadores palestinos Jerusal\u00e9n ocupada, 18 mar (SANA) Las fuerzas de ocupaci\u00f3n israel\u00edes volvieron a atacar los agricultores palestinos en diferentes \u00e1reas de la Franja de &hellip;<\/p>\n","protected":false},"author":42,"featured_media":291369,"comment_status":"closed","ping_status":"closed","sticky":false,"template":"","format":"standard","meta":{"footnotes":""},"categories":[597,456,16687,20724,7541],"tags":[],"class_list":["post-291368","post","type-post","status-publish","format-standard","has-post-thumbnail","","category-cinta-de-noticias","category-arabe-internacional-politica","category-internacionales","category-minuto-a-minuto","category-ultimas-noticias"],"_links":{"self":[{"href":"https:\/\/archive.sana.sy\/es\/index.php?rest_route=\/wp\/v2\/posts\/291368"}],"collection":[{"href":"https:\/\/archive.sana.sy\/es\/index.php?rest_route=\/wp\/v2\/posts"}],"about":[{"href":"https:\/\/archive.sana.sy\/es\/index.php?rest_route=\/wp\/v2\/types\/post"}],"author":[{"embeddable":true,"href":"https:\/\/archive.sana.sy\/es\/index.php?rest_route=\/wp\/v2\/users\/42"}],"replies":[{"embeddable":true,"href":"https:\/\/archive.sana.sy\/es\/index.php?rest_route=%2Fwp%2Fv2%2Fcomments&post=291368"}],"version-history":[{"count":1,"href":"https:\/\/archive.sana.sy\/es\/index.php?rest_route=\/wp\/v2\/posts\/291368\/revisions"}],"predecessor-version":[{"id":291370,"href":"https:\/\/archive.sana.sy\/es\/index.php?rest_route=\/wp\/v2\/posts\/291368\/revisions\/291370"}],"wp:featuredmedia":[{"embeddable":true,"href":"https:\/\/archive.sana.sy\/es\/index.php?rest_route=\/wp\/v2\/media\/291369"}],"wp:attachment":[{"href":"https:\/\/archive.sana.sy\/es\/index.php?rest_route=%2Fwp%2Fv2%2Fmedia&parent=291368"}],"wp:term":[{"taxonomy":"category","embeddable":true,"href":"https:\/\/archive.sana.sy\/es\/index.php?rest_route=%2Fwp%2Fv2%2Fcategories&post=291368"},{"taxonomy":"post_tag","embeddable":true,"href":"https:\/\/archive.sana.sy\/es\/index.php?rest_route=%2Fwp%2Fv2%2Ftags&post=291368"}],"curies":[{"name":"wp","href":"https:\/\/api.w.org\/{rel}","templated":true}]}}