{"id":291374,"date":"2023-03-18T17:49:00","date_gmt":"2023-03-18T14:49:00","guid":{"rendered":"http:\/\/107.6.182.27\/es\/?p=291374"},"modified":"2023-03-18T19:31:58","modified_gmt":"2023-03-18T16:31:58","slug":"presidente-al-assad-recibe-a-miembros-de-la-secretaria-general-de-la-conferencia-de-partidos-arabes","status":"publish","type":"post","link":"https:\/\/archive.sana.sy\/es\/?p=291374","title":{"rendered":"Presidente Al-Assad recibe a miembros de la Secretar\u00eda General de la Conferencia de Partidos \u00c1rabes"},"content":{"rendered":"<blockquote>\n<p style=\"text-align: justify;\"><span style=\"color: #993300;\">\u201cLa oportunidad hoy es favorable para el accionar de los partidos y las fuerzas pol\u00edticas porque existen modelos reales y pr\u00e1cticos sobre el terreno que han demostrado el \u00e9xito de los pueblos asediados en resistir el bloqueo\u201d<\/span><\/p>\n<\/blockquote>\n<p style=\"text-align: justify;\"><span style=\"color: #800000;\"><strong>Damasco, 18 mar (SANA)<\/strong><\/span> El presidente sirio Bashar Al-Assad recibi\u00f3 hoy a los miembros de la Secretar\u00eda General de la Conferencia de Partidos \u00c1rabes, que celebra su 63\u00aa reuni\u00f3n extraordinaria en Damasco.<\/p>\n<p style=\"text-align: justify;\">Importantes figuras pol\u00edticas y partidistas \u00e1rabes de Siria, L\u00edbano, T\u00fanez, Jordania, Sud\u00e1n, Egipto, Palestina, Yemen, Bahr\u00e9in, Argelia y Mauritania, participan en este evento que sesiona durante dos d\u00edas, bajo el t\u00edtulo \u201cS\u00ed a la unidad y soberan\u00eda de Siria. No al asedio y la agresi\u00f3n\u201d.<\/p>\n<p style=\"text-align: justify;\">El presidente consider\u00f3 que la oportunidad hoy es favorable para el accionar de los partidos y las fuerzas pol\u00edticas porque existen modelos reales y pr\u00e1cticos sobre el terreno que han demostrado el \u00e9xito de los pueblos asediados en resistir el bloqueo, a diferencia de la idea de derrota y concesi\u00f3n que los medios hostiles trabajaron duro para inculcar y plantar en la conciencia de la gente de las sociedades \u00e1rabes.<\/p>\n<p style=\"text-align: justify;\">\u201cNo se requiere que seamos due\u00f1os de un solo pensamiento o de una sola tendencia, sino que lo importante es que cumplamos con la meta final\u201d, asegur\u00f3.<\/p>\n<p style=\"text-align: justify;\">El presidente al-Assad afirm\u00f3 que una gran parte del pueblo sirio tiene esp\u00edritu de desaf\u00edo y fe en la veracidad de sus posiciones, y esto es, seg\u00fan Al-Assad, el factor m\u00e1s importante de la firmeza, y sin este esp\u00edritu, ning\u00fan pa\u00eds puede mantenerse firme aunque le brinda todo tipo de ayuda.<\/p>\n<p style=\"text-align: justify;\">Al-Assad enfatiz\u00f3 la importancia de trabajar para una identidad com\u00fan para los \u00e1rabes porque sin esto no se lograr\u00e1 el progreso a ning\u00fan nivel cultural, econ\u00f3mico o de otro tipo.<\/p>\n<p style=\"text-align: justify;\"><span style=\"color: #000080;\"><strong>Los presentes exigen el levantamiento inmediato del bloqueo<\/strong><\/span><\/p>\n<p style=\"text-align: justify;\">Por su parte, el secretario general de los partidos \u00e1rabes, Qassem Salih, agradeci\u00f3 a Siria por acoger la reuni\u00f3n de la Secretar\u00eda y destac\u00f3 la solidaridad de todas los partidos participantes en la conferencia con Siria, en su enfrentamiento a las repercusiones de los terremotos.<\/p>\n<p style=\"text-align: justify;\">A su vez, los miembros de la Secretar\u00eda General instaron a poner fin a la ocupaci\u00f3n de todas las tierras sirias y levantar el injusto asedio y las sanciones coercitivas unilaterales impuestas al pueblo sirio.<\/p>\n<p style=\"text-align: justify;\">Estas medidas ilegales son contrarias al derecho internacional y constituyen una clara evidencia de la soberbia de la pol\u00edtica estadounidense, afirmaron.<\/p>\n<p style=\"text-align: justify;\">Agregaron que el levantamiento del bloqueo es una misi\u00f3n nacional y una urgente necesidad humanitaria, especialmente luego de la cat\u00e1strofe de los terremotos.<\/p>\n<p style=\"text-align: justify;\">Tambi\u00e9n destacaron que Siria, con su firmeza y victoria, a pesar de todo el terrorismo y la destrucci\u00f3n impuestos, se convirti\u00f3 en la punta de br\u00fajula para los \u00e1rabes.<\/p>\n<div id='gallery-1' class='gallery galleryid-291374 gallery-columns-1 gallery-size-large'><figure class='gallery-item'>\n\t\t\t<div class='gallery-icon landscape'>\n\t\t\t\t<a href='https:\/\/archive.sana.sy\/es\/wp-content\/uploads\/2023\/03\/x.jpg'><img loading=\"lazy\" decoding=\"async\" width=\"618\" height=\"226\" src=\"https:\/\/archive.sana.sy\/es\/wp-content\/uploads\/2023\/03\/x-1024x375.jpg\" class=\"attachment-large size-large\" alt=\"\" srcset=\"https:\/\/archive.sana.sy\/es\/wp-content\/uploads\/2023\/03\/x-1024x375.jpg 1024w, https:\/\/archive.sana.sy\/es\/wp-content\/uploads\/2023\/03\/x-300x110.jpg 300w, https:\/\/archive.sana.sy\/es\/wp-content\/uploads\/2023\/03\/x-150x55.jpg 150w, https:\/\/archive.sana.sy\/es\/wp-content\/uploads\/2023\/03\/x-768x282.jpg 768w, https:\/\/archive.sana.sy\/es\/wp-content\/uploads\/2023\/03\/x.jpg 1200w\" sizes=\"(max-width: 618px) 100vw, 618px\" \/><\/a>\n\t\t\t<\/div><\/figure><figure class='gallery-item'>\n\t\t\t<div class='gallery-icon landscape'>\n\t\t\t\t<a href='https:\/\/archive.sana.sy\/es\/wp-content\/uploads\/2023\/03\/000000000000000000.jpg'><img loading=\"lazy\" decoding=\"async\" width=\"618\" height=\"308\" src=\"https:\/\/archive.sana.sy\/es\/wp-content\/uploads\/2023\/03\/000000000000000000-1024x511.jpg\" class=\"attachment-large size-large\" alt=\"\" srcset=\"https:\/\/archive.sana.sy\/es\/wp-content\/uploads\/2023\/03\/000000000000000000-1024x511.jpg 1024w, https:\/\/archive.sana.sy\/es\/wp-content\/uploads\/2023\/03\/000000000000000000-300x150.jpg 300w, https:\/\/archive.sana.sy\/es\/wp-content\/uploads\/2023\/03\/000000000000000000-150x75.jpg 150w, https:\/\/archive.sana.sy\/es\/wp-content\/uploads\/2023\/03\/000000000000000000-768x383.jpg 768w, https:\/\/archive.sana.sy\/es\/wp-content\/uploads\/2023\/03\/000000000000000000-660x330.jpg 660w, https:\/\/archive.sana.sy\/es\/wp-content\/uploads\/2023\/03\/000000000000000000-1050x525.jpg 1050w, https:\/\/archive.sana.sy\/es\/wp-content\/uploads\/2023\/03\/000000000000000000.jpg 1200w\" sizes=\"(max-width: 618px) 100vw, 618px\" \/><\/a>\n\t\t\t<\/div><\/figure>\n\t\t<\/div>\n\n<p style=\"text-align: justify;\">fm\/as<\/p>\n","protected":false},"excerpt":{"rendered":"<p>\u201cLa oportunidad hoy es favorable para el accionar de los partidos y las fuerzas pol\u00edticas porque existen modelos reales y pr\u00e1cticos sobre el terreno que han demostrado el \u00e9xito de los pueblos asediados en resistir el bloqueo\u201d Damasco, 18 mar (SANA) El presidente sirio Bashar Al-Assad recibi\u00f3 hoy a los miembros de la Secretar\u00eda General &hellip;<\/p>\n","protected":false},"author":42,"featured_media":291380,"comment_status":"closed","ping_status":"closed","sticky":false,"template":"","format":"standard","meta":{"footnotes":""},"categories":[597,20724,16237,583],"tags":[],"class_list":["post-291374","post","type-post","status-publish","format-standard","has-post-thumbnail","","category-cinta-de-noticias","category-minuto-a-minuto","category-presidence-de-la-republique-arabe-syria","category-slide"],"_links":{"self":[{"href":"https:\/\/archive.sana.sy\/es\/index.php?rest_route=\/wp\/v2\/posts\/291374"}],"collection":[{"href":"https:\/\/archive.sana.sy\/es\/index.php?rest_route=\/wp\/v2\/posts"}],"about":[{"href":"https:\/\/archive.sana.sy\/es\/index.php?rest_route=\/wp\/v2\/types\/post"}],"author":[{"embeddable":true,"href":"https:\/\/archive.sana.sy\/es\/index.php?rest_route=\/wp\/v2\/users\/42"}],"replies":[{"embeddable":true,"href":"https:\/\/archive.sana.sy\/es\/index.php?rest_route=%2Fwp%2Fv2%2Fcomments&post=291374"}],"version-history":[{"count":8,"href":"https:\/\/archive.sana.sy\/es\/index.php?rest_route=\/wp\/v2\/posts\/291374\/revisions"}],"predecessor-version":[{"id":291409,"href":"https:\/\/archive.sana.sy\/es\/index.php?rest_route=\/wp\/v2\/posts\/291374\/revisions\/291409"}],"wp:featuredmedia":[{"embeddable":true,"href":"https:\/\/archive.sana.sy\/es\/index.php?rest_route=\/wp\/v2\/media\/291380"}],"wp:attachment":[{"href":"https:\/\/archive.sana.sy\/es\/index.php?rest_route=%2Fwp%2Fv2%2Fmedia&parent=291374"}],"wp:term":[{"taxonomy":"category","embeddable":true,"href":"https:\/\/archive.sana.sy\/es\/index.php?rest_route=%2Fwp%2Fv2%2Fcategories&post=291374"},{"taxonomy":"post_tag","embeddable":true,"href":"https:\/\/archive.sana.sy\/es\/index.php?rest_route=%2Fwp%2Fv2%2Ftags&post=291374"}],"curies":[{"name":"wp","href":"https:\/\/api.w.org\/{rel}","templated":true}]}}