{"id":291389,"date":"2023-03-18T18:50:33","date_gmt":"2023-03-18T15:50:33","guid":{"rendered":"https:\/\/sana.sy\/es\/?p=291389"},"modified":"2023-03-18T18:57:46","modified_gmt":"2023-03-18T15:57:46","slug":"800-mil-ciudadanos-norcoreanos-se-ofrecieron-como-voluntarios-en-el-ejercito-para-enfrentar-provocaciones-de-washington","status":"publish","type":"post","link":"https:\/\/archive.sana.sy\/es\/?p=291389","title":{"rendered":"800 mil ciudadanos norcoreanos se ofrecieron como voluntarios en el ej\u00e9rcito para enfrentar provocaciones de Washington"},"content":{"rendered":"<p style=\"text-align: justify;\"><span style=\"color: #800000;\"><strong>Pyongyang, 18 mar (SANA)<\/strong><\/span>\u00a0 \u00a0 La Agencia Central de Noticias de la Rep\u00fablica Popular Democr\u00e1tica de Corea del Norte anunci\u00f3 que casi 800 mil ciudadanos de la RPDC solicitaron el reclutamiento voluntario en el Ej\u00e9rcito para enfrentar las provocaciones y amenazas de Estados Unidos.<\/p>\n<p style=\"text-align: justify;\">Seg\u00fan estad\u00edsticas publicadas por la agencia, \u201calrededor de 800 mil funcionarios de las asociaciones de j\u00f3venes y estudiantes de todo el pa\u00eds se alistaron como voluntarios en el Ej\u00e9rcito Popular de Corea del Norte, para enfrentar a Washington, que contin\u00faa sus intentos de infringir la soberan\u00eda y seguridad de Pyongyang\u201d.<\/p>\n<p style=\"text-align: justify;\">Se\u00f1al\u00f3 que el n\u00famero de j\u00f3venes que se ofrecen como voluntarios para unirse al Ej\u00e9rcito Popular de Corea est\u00e1 aumentando constantemente en todo el pa\u00eds, y enfatiz\u00f3 que eso es una prueba de su pertenencia nacional y su deseo de erradicar el imperialismo estadounidense de su pa\u00eds y su agentes y unificar la Pen\u00ednsula de Corea.<\/p>\n<p style=\"text-align: justify;\">Es de se\u00f1alar que Estados Unidos contin\u00faa las provocaciones militares en la pen\u00ednsula de Corea a trav\u00e9s de ejercicios militares conjuntos con Corea del Sur.<\/p>\n<p style=\"text-align: justify;\">rr\/fm<\/p>\n","protected":false},"excerpt":{"rendered":"<p>Pyongyang, 18 mar (SANA)\u00a0 \u00a0 La Agencia Central de Noticias de la Rep\u00fablica Popular Democr\u00e1tica de Corea del Norte anunci\u00f3 que casi 800 mil ciudadanos de la RPDC solicitaron el reclutamiento voluntario en el Ej\u00e9rcito para enfrentar las provocaciones y amenazas de Estados Unidos. Seg\u00fan estad\u00edsticas publicadas por la agencia, \u201calrededor de 800 mil funcionarios &hellip;<\/p>\n","protected":false},"author":31,"featured_media":291390,"comment_status":"closed","ping_status":"closed","sticky":false,"template":"","format":"standard","meta":{"footnotes":""},"categories":[456,16687,20724],"tags":[20772,7132,8571,19641],"class_list":["post-291389","post","type-post","status-publish","format-standard","has-post-thumbnail","","category-arabe-internacional-politica","category-internacionales","category-minuto-a-minuto","tag-corea","tag-eeuu","tag-ejercito","tag-washington"],"_links":{"self":[{"href":"https:\/\/archive.sana.sy\/es\/index.php?rest_route=\/wp\/v2\/posts\/291389"}],"collection":[{"href":"https:\/\/archive.sana.sy\/es\/index.php?rest_route=\/wp\/v2\/posts"}],"about":[{"href":"https:\/\/archive.sana.sy\/es\/index.php?rest_route=\/wp\/v2\/types\/post"}],"author":[{"embeddable":true,"href":"https:\/\/archive.sana.sy\/es\/index.php?rest_route=\/wp\/v2\/users\/31"}],"replies":[{"embeddable":true,"href":"https:\/\/archive.sana.sy\/es\/index.php?rest_route=%2Fwp%2Fv2%2Fcomments&post=291389"}],"version-history":[{"count":1,"href":"https:\/\/archive.sana.sy\/es\/index.php?rest_route=\/wp\/v2\/posts\/291389\/revisions"}],"predecessor-version":[{"id":291391,"href":"https:\/\/archive.sana.sy\/es\/index.php?rest_route=\/wp\/v2\/posts\/291389\/revisions\/291391"}],"wp:featuredmedia":[{"embeddable":true,"href":"https:\/\/archive.sana.sy\/es\/index.php?rest_route=\/wp\/v2\/media\/291390"}],"wp:attachment":[{"href":"https:\/\/archive.sana.sy\/es\/index.php?rest_route=%2Fwp%2Fv2%2Fmedia&parent=291389"}],"wp:term":[{"taxonomy":"category","embeddable":true,"href":"https:\/\/archive.sana.sy\/es\/index.php?rest_route=%2Fwp%2Fv2%2Fcategories&post=291389"},{"taxonomy":"post_tag","embeddable":true,"href":"https:\/\/archive.sana.sy\/es\/index.php?rest_route=%2Fwp%2Fv2%2Ftags&post=291389"}],"curies":[{"name":"wp","href":"https:\/\/api.w.org\/{rel}","templated":true}]}}