{"id":291449,"date":"2023-03-19T11:54:47","date_gmt":"2023-03-19T08:54:47","guid":{"rendered":"https:\/\/sana.sy\/es\/?p=291449"},"modified":"2023-03-19T11:54:47","modified_gmt":"2023-03-19T08:54:47","slug":"14-muertos-por-el-terremoto-que-sacudio-ecuador-y-peru","status":"publish","type":"post","link":"https:\/\/archive.sana.sy\/es\/?p=291449","title":{"rendered":"14 muertos por el terremoto que sacudi\u00f3 Ecuador y Per\u00fa"},"content":{"rendered":"<blockquote>\n<p style=\"text-align: justify;\"><span style=\"color: #993300;\">El sismo de\u00a0 6.8 cobr\u00f3 la vida de 13 personas en las provincias de El Oro y Azuay, en el suroeste del pa\u00eds.<\/span><\/p>\n<\/blockquote>\n<p style=\"text-align: justify;\">\n<strong><span style=\"color: #800000;\">Ecuador, 19 mar (SANA) <\/span><\/strong>Al menos 14 personas murieron y otras resultaron heridas tras un fuerte temblor que sacudi\u00f3 el \u00faltimo s\u00e1bado, el sur de Ecuador y el norte de Per\u00fa.<\/p>\n<p style=\"text-align: justify;\">El terremoto provoc\u00f3 el derrumbe de varios edificios y da\u00f1os materiales en viviendas.<\/p>\n<p style=\"text-align: justify;\">La Presidencia de Ecuador inform\u00f3 que el sismo de magnitud 6,8 se cobr\u00f3 la vida de 14 personas en las provincias de El Oro y Azuay, en el suroeste del pa\u00eds, adem\u00e1s de la presencia de heridos cuyo n\u00famero no ha sido contabilizado.<\/p>\n<p style=\"text-align: justify;\">La presidencia hizo un llamado a la calma y a informarse por canales oficiales&#8221;.<\/p>\n<p style=\"text-align: justify;\">Ecuador fue golpeado por un devastador terremoto en 2016 de magnitud 7.8 en la escala de Richter, y caus\u00f3 la muerte de 673 personas.<\/p>\n<p style=\"text-align: justify;\">ed\/fm<\/p>\n","protected":false},"excerpt":{"rendered":"<p>El sismo de\u00a0 6.8 cobr\u00f3 la vida de 13 personas en las provincias de El Oro y Azuay, en el suroeste del pa\u00eds. Ecuador, 19 mar (SANA) Al menos 14 personas murieron y otras resultaron heridas tras un fuerte temblor que sacudi\u00f3 el \u00faltimo s\u00e1bado, el sur de Ecuador y el norte de Per\u00fa. El &hellip;<\/p>\n","protected":false},"author":32,"featured_media":291450,"comment_status":"closed","ping_status":"closed","sticky":false,"template":"","format":"standard","meta":{"footnotes":""},"categories":[597,456,16687,7541],"tags":[],"class_list":["post-291449","post","type-post","status-publish","format-standard","has-post-thumbnail","","category-cinta-de-noticias","category-arabe-internacional-politica","category-internacionales","category-ultimas-noticias"],"_links":{"self":[{"href":"https:\/\/archive.sana.sy\/es\/index.php?rest_route=\/wp\/v2\/posts\/291449"}],"collection":[{"href":"https:\/\/archive.sana.sy\/es\/index.php?rest_route=\/wp\/v2\/posts"}],"about":[{"href":"https:\/\/archive.sana.sy\/es\/index.php?rest_route=\/wp\/v2\/types\/post"}],"author":[{"embeddable":true,"href":"https:\/\/archive.sana.sy\/es\/index.php?rest_route=\/wp\/v2\/users\/32"}],"replies":[{"embeddable":true,"href":"https:\/\/archive.sana.sy\/es\/index.php?rest_route=%2Fwp%2Fv2%2Fcomments&post=291449"}],"version-history":[{"count":1,"href":"https:\/\/archive.sana.sy\/es\/index.php?rest_route=\/wp\/v2\/posts\/291449\/revisions"}],"predecessor-version":[{"id":291451,"href":"https:\/\/archive.sana.sy\/es\/index.php?rest_route=\/wp\/v2\/posts\/291449\/revisions\/291451"}],"wp:featuredmedia":[{"embeddable":true,"href":"https:\/\/archive.sana.sy\/es\/index.php?rest_route=\/wp\/v2\/media\/291450"}],"wp:attachment":[{"href":"https:\/\/archive.sana.sy\/es\/index.php?rest_route=%2Fwp%2Fv2%2Fmedia&parent=291449"}],"wp:term":[{"taxonomy":"category","embeddable":true,"href":"https:\/\/archive.sana.sy\/es\/index.php?rest_route=%2Fwp%2Fv2%2Fcategories&post=291449"},{"taxonomy":"post_tag","embeddable":true,"href":"https:\/\/archive.sana.sy\/es\/index.php?rest_route=%2Fwp%2Fv2%2Ftags&post=291449"}],"curies":[{"name":"wp","href":"https:\/\/api.w.org\/{rel}","templated":true}]}}