{"id":291466,"date":"2023-03-19T17:55:14","date_gmt":"2023-03-19T14:55:14","guid":{"rendered":"https:\/\/sana.sy\/es\/?p=291466"},"modified":"2023-03-19T21:10:29","modified_gmt":"2023-03-19T18:10:29","slug":"canciller-sirio-recibe-al-presidente-de-la-autoridad-arabe-para-inversion-y-desarrollo-agricola","status":"publish","type":"post","link":"https:\/\/archive.sana.sy\/es\/?p=291466","title":{"rendered":"Canciller sirio recibe al presidente de la Autoridad \u00c1rabe para Inversi\u00f3n y Desarrollo Agr\u00edcola"},"content":{"rendered":"<blockquote>\n<p style=\"text-align: justify;\"><span style=\"color: #993300;\">Las conversaciones trataron los mecanismos de cooperaci\u00f3n, intercambio de experiencias y el establecimiento de proyectos conjuntos para apoyar el desarrollo agr\u00edcola en Siria y la regi\u00f3n.<\/span><\/p>\n<\/blockquote>\n<p style=\"text-align: justify;\">\n<span style=\"color: #800000;\"><strong>Damasco, 19 mar (SANA)\u00a0<\/strong> <\/span>\u00a0El ministro de Asuntos Exteriores y Expatriados, Faisal Al-Mekdad, recibi\u00f3 al presidente de la Autoridad \u00c1rabe para la Inversi\u00f3n y el Desarrollo Agr\u00edcola, Mohamed Bin Obaid Al-Mazrouei.<\/p>\n<p style=\"text-align: justify;\">Las conversaciones trataron los mecanismos de cooperaci\u00f3n, intercambio de experiencias y el establecimiento de proyectos conjuntos para apoyar el desarrollo agr\u00edcola en Siria y la regi\u00f3n.<\/p>\n<p style=\"text-align: justify;\">El Canciller explic\u00f3 las repercusiones negativas que ha dejado la guerra terrorista en Siria y su impacto en todos los sectores econ\u00f3micos del pa\u00eds, especialmente en el sector agr\u00edcola.<\/p>\n<p style=\"text-align: justify;\">Destac\u00f3 la importancia de las instituciones pan\u00e1rabes en el logro de desarrollo econ\u00f3mico y la necesidad de prestar atenci\u00f3n a la seguridad alimentaria de todos los pa\u00edses \u00e1rabes.<\/p>\n<p style=\"text-align: justify;\">Las dos partes tambi\u00e9n repasaron los peligros de las medidas coercitivas unilaterales sobre el desarrollo y la inversi\u00f3n en Siria y el mundo \u00e1rabe.<\/p>\n<p style=\"text-align: justify;\">A su vez, Al-Mazrouei destac\u00f3 las capacidades, recursos y ubicaci\u00f3n estrat\u00e9gica de la que disfruta Siria, adem\u00e1s de la importancia de lograr la integraci\u00f3n agr\u00edcola entre los pa\u00edses \u00e1rabes y la implementaci\u00f3n de la Iniciativa de Seguridad Alimentaria \u00c1rabe.<\/p>\n<p style=\"text-align: justify;\">fm\/ed\/rr<\/p>\n","protected":false},"excerpt":{"rendered":"<p>Las conversaciones trataron los mecanismos de cooperaci\u00f3n, intercambio de experiencias y el establecimiento de proyectos conjuntos para apoyar el desarrollo agr\u00edcola en Siria y la regi\u00f3n. Damasco, 19 mar (SANA)\u00a0 \u00a0El ministro de Asuntos Exteriores y Expatriados, Faisal Al-Mekdad, recibi\u00f3 al presidente de la Autoridad \u00c1rabe para la Inversi\u00f3n y el Desarrollo Agr\u00edcola, Mohamed Bin &hellip;<\/p>\n","protected":false},"author":32,"featured_media":291467,"comment_status":"closed","ping_status":"closed","sticky":false,"template":"","format":"standard","meta":{"footnotes":""},"categories":[447,477,597,476,7541],"tags":[7161,6553],"class_list":["post-291466","post","type-post","status-publish","format-standard","has-post-thumbnail","","category-local-politica","category-noticias-edulcorantes","category-cinta-de-noticias","category-locales","category-ultimas-noticias","tag-damasco","tag-siria"],"_links":{"self":[{"href":"https:\/\/archive.sana.sy\/es\/index.php?rest_route=\/wp\/v2\/posts\/291466"}],"collection":[{"href":"https:\/\/archive.sana.sy\/es\/index.php?rest_route=\/wp\/v2\/posts"}],"about":[{"href":"https:\/\/archive.sana.sy\/es\/index.php?rest_route=\/wp\/v2\/types\/post"}],"author":[{"embeddable":true,"href":"https:\/\/archive.sana.sy\/es\/index.php?rest_route=\/wp\/v2\/users\/32"}],"replies":[{"embeddable":true,"href":"https:\/\/archive.sana.sy\/es\/index.php?rest_route=%2Fwp%2Fv2%2Fcomments&post=291466"}],"version-history":[{"count":5,"href":"https:\/\/archive.sana.sy\/es\/index.php?rest_route=\/wp\/v2\/posts\/291466\/revisions"}],"predecessor-version":[{"id":291514,"href":"https:\/\/archive.sana.sy\/es\/index.php?rest_route=\/wp\/v2\/posts\/291466\/revisions\/291514"}],"wp:featuredmedia":[{"embeddable":true,"href":"https:\/\/archive.sana.sy\/es\/index.php?rest_route=\/wp\/v2\/media\/291467"}],"wp:attachment":[{"href":"https:\/\/archive.sana.sy\/es\/index.php?rest_route=%2Fwp%2Fv2%2Fmedia&parent=291466"}],"wp:term":[{"taxonomy":"category","embeddable":true,"href":"https:\/\/archive.sana.sy\/es\/index.php?rest_route=%2Fwp%2Fv2%2Fcategories&post=291466"},{"taxonomy":"post_tag","embeddable":true,"href":"https:\/\/archive.sana.sy\/es\/index.php?rest_route=%2Fwp%2Fv2%2Ftags&post=291466"}],"curies":[{"name":"wp","href":"https:\/\/api.w.org\/{rel}","templated":true}]}}