{"id":291504,"date":"2023-03-19T17:38:51","date_gmt":"2023-03-19T14:38:51","guid":{"rendered":"http:\/\/107.6.182.27\/es\/?p=291504"},"modified":"2023-03-19T21:10:46","modified_gmt":"2023-03-19T18:10:46","slug":"tony-blair-justifica-la-invasion-de-irak","status":"publish","type":"post","link":"https:\/\/archive.sana.sy\/es\/?p=291504","title":{"rendered":"Tony Blair justifica la invasi\u00f3n de Irak"},"content":{"rendered":"<blockquote>\n<p style=\"text-align: justify;\"><span style=\"color: #993300;\">Bagdad no ten\u00eda ninguna relaci\u00f3n con los atentados del 11-S, y las afirmaciones de Londres y Washington de que albergaba armas de destrucci\u00f3n masiva resultaron ficticias. Antes de la invasi\u00f3n, Blair afirm\u00f3 falsamente que Bagdad pose\u00eda tales equipos y que estaba trabajando para obtener armas nucleares.<\/span><\/p>\n<\/blockquote>\n<p style=\"text-align: justify;\">\n<span style=\"color: #800000;\"><strong>Londres, 19 mar (SANA)<\/strong> <\/span>El ex primer ministro brit\u00e1nico Tony Blair justific\u00f3 en declaraciones a las agencias europeas DPA, AFP, ANSA y EFE, que la invasi\u00f3n de Irak liderada por Estados Unidos en 2003 est\u00e1 justificada.<\/p>\n<p style=\"text-align: justify;\">Blair afirm\u00f3 que la invasi\u00f3n, en la que participaron 46.000 soldados brit\u00e1nicos, estaba justificada por las que llam\u00f3 &#8220;represiones internas y los conflictos regionales&#8221; de Saddam Hussein, y por su &#8220;uso de armas qu\u00edmicas&#8221;.<\/p>\n<p style=\"text-align: justify;\">La invasi\u00f3n y posterior ocupaci\u00f3n de Irak termin\u00f3 con la vida de hasta 210.000 civiles y convirti\u00f3 al pa\u00eds en foco del terrorismo.<\/p>\n<p style=\"text-align: justify;\">Hussein no ten\u00eda ninguna relaci\u00f3n con los atentados del 11-S, y las afirmaciones de Londres y Washington de que albergaba armas de destrucci\u00f3n masiva resultaron ficticias.<\/p>\n<p style=\"text-align: justify;\">Antes de la invasi\u00f3n, Blair afirm\u00f3 falsamente que Bagdag pose\u00eda tales equipos y que estaba trabajando para obtener armas nucleares.<\/p>\n<p style=\"text-align: justify;\">fm\/as<\/p>\n","protected":false},"excerpt":{"rendered":"<p>Bagdad no ten\u00eda ninguna relaci\u00f3n con los atentados del 11-S, y las afirmaciones de Londres y Washington de que albergaba armas de destrucci\u00f3n masiva resultaron ficticias. Antes de la invasi\u00f3n, Blair afirm\u00f3 falsamente que Bagdad pose\u00eda tales equipos y que estaba trabajando para obtener armas nucleares. Londres, 19 mar (SANA) El ex primer ministro brit\u00e1nico &hellip;<\/p>\n","protected":false},"author":42,"featured_media":291505,"comment_status":"closed","ping_status":"closed","sticky":false,"template":"","format":"standard","meta":{"footnotes":""},"categories":[597,456,16687,20724,7541],"tags":[21867,5835],"class_list":["post-291504","post","type-post","status-publish","format-standard","has-post-thumbnail","","category-cinta-de-noticias","category-arabe-internacional-politica","category-internacionales","category-minuto-a-minuto","category-ultimas-noticias","tag-invasion","tag-iraq"],"_links":{"self":[{"href":"https:\/\/archive.sana.sy\/es\/index.php?rest_route=\/wp\/v2\/posts\/291504"}],"collection":[{"href":"https:\/\/archive.sana.sy\/es\/index.php?rest_route=\/wp\/v2\/posts"}],"about":[{"href":"https:\/\/archive.sana.sy\/es\/index.php?rest_route=\/wp\/v2\/types\/post"}],"author":[{"embeddable":true,"href":"https:\/\/archive.sana.sy\/es\/index.php?rest_route=\/wp\/v2\/users\/42"}],"replies":[{"embeddable":true,"href":"https:\/\/archive.sana.sy\/es\/index.php?rest_route=%2Fwp%2Fv2%2Fcomments&post=291504"}],"version-history":[{"count":1,"href":"https:\/\/archive.sana.sy\/es\/index.php?rest_route=\/wp\/v2\/posts\/291504\/revisions"}],"predecessor-version":[{"id":291506,"href":"https:\/\/archive.sana.sy\/es\/index.php?rest_route=\/wp\/v2\/posts\/291504\/revisions\/291506"}],"wp:featuredmedia":[{"embeddable":true,"href":"https:\/\/archive.sana.sy\/es\/index.php?rest_route=\/wp\/v2\/media\/291505"}],"wp:attachment":[{"href":"https:\/\/archive.sana.sy\/es\/index.php?rest_route=%2Fwp%2Fv2%2Fmedia&parent=291504"}],"wp:term":[{"taxonomy":"category","embeddable":true,"href":"https:\/\/archive.sana.sy\/es\/index.php?rest_route=%2Fwp%2Fv2%2Fcategories&post=291504"},{"taxonomy":"post_tag","embeddable":true,"href":"https:\/\/archive.sana.sy\/es\/index.php?rest_route=%2Fwp%2Fv2%2Ftags&post=291504"}],"curies":[{"name":"wp","href":"https:\/\/api.w.org\/{rel}","templated":true}]}}