{"id":291540,"date":"2023-03-19T17:50:36","date_gmt":"2023-03-19T14:50:36","guid":{"rendered":"https:\/\/sana.sy\/es\/?p=291540"},"modified":"2023-03-19T19:53:48","modified_gmt":"2023-03-19T16:53:48","slug":"eau-siria-comparte-la-vision-emirati-para-mejorar-la-estabilidad-arabe-y-regional","status":"publish","type":"post","link":"https:\/\/archive.sana.sy\/es\/?p=291540","title":{"rendered":"EAU: Siria comparte la visi\u00f3n emirat\u00ed para mejorar la estabilidad \u00e1rabe y regional"},"content":{"rendered":"<p style=\"text-align: justify;\"><span style=\"color: #800000;\"><strong>Abu Dabi, 19 mar (SANA)\u00a0 \u00a0<\/strong><\/span>El asesor diplom\u00e1tico del presidente de los Emiratos \u00c1rabes Unidos, Anwar bin Mohammed Gargash, afirm\u00f3 que el enfoque y los esfuerzos de los EAU hacia Siria son parte de una aproximaci\u00f3n m\u00e1s amplia destinada a fortalecer la estabilidad \u00e1rabe y regional.<\/p>\n<p style=\"text-align: justify;\">&#8220;La posici\u00f3n de los EAU es clara con respecto a la necesidad de que Siria regrese a su entorno a trav\u00e9s de activar el papel \u00e1rabe, y esto fue confirmado por su alteza el Jeque Mohammed bin Zayed durante su reuni\u00f3n de hoy con el presidente Bashar al-Assad&#8221;, indic\u00f3 Gargash v\u00eda su cuenta de Twitter.<\/p>\n<p style=\"text-align: justify;\">Se\u00f1al\u00f3 que ha llegado el momento de mejorar la cooperaci\u00f3n y la solidaridad de los pa\u00edses \u00e1rabes para garantizar la estabilidad y la prosperidad en la regi\u00f3n.<\/p>\n<p style=\"text-align: justify;\">rr<\/p>\n","protected":false},"excerpt":{"rendered":"<p>Abu Dabi, 19 mar (SANA)\u00a0 \u00a0El asesor diplom\u00e1tico del presidente de los Emiratos \u00c1rabes Unidos, Anwar bin Mohammed Gargash, afirm\u00f3 que el enfoque y los esfuerzos de los EAU hacia Siria son parte de una aproximaci\u00f3n m\u00e1s amplia destinada a fortalecer la estabilidad \u00e1rabe y regional. &#8220;La posici\u00f3n de los EAU es clara con respecto &hellip;<\/p>\n","protected":false},"author":31,"featured_media":291541,"comment_status":"closed","ping_status":"closed","sticky":false,"template":"","format":"standard","meta":{"footnotes":""},"categories":[597,467,7541],"tags":[19686,6553],"class_list":["post-291540","post","type-post","status-publish","format-standard","has-post-thumbnail","","category-cinta-de-noticias","category-siria-y-el-mundo","category-ultimas-noticias","tag-eau","tag-siria"],"_links":{"self":[{"href":"https:\/\/archive.sana.sy\/es\/index.php?rest_route=\/wp\/v2\/posts\/291540"}],"collection":[{"href":"https:\/\/archive.sana.sy\/es\/index.php?rest_route=\/wp\/v2\/posts"}],"about":[{"href":"https:\/\/archive.sana.sy\/es\/index.php?rest_route=\/wp\/v2\/types\/post"}],"author":[{"embeddable":true,"href":"https:\/\/archive.sana.sy\/es\/index.php?rest_route=\/wp\/v2\/users\/31"}],"replies":[{"embeddable":true,"href":"https:\/\/archive.sana.sy\/es\/index.php?rest_route=%2Fwp%2Fv2%2Fcomments&post=291540"}],"version-history":[{"count":1,"href":"https:\/\/archive.sana.sy\/es\/index.php?rest_route=\/wp\/v2\/posts\/291540\/revisions"}],"predecessor-version":[{"id":291542,"href":"https:\/\/archive.sana.sy\/es\/index.php?rest_route=\/wp\/v2\/posts\/291540\/revisions\/291542"}],"wp:featuredmedia":[{"embeddable":true,"href":"https:\/\/archive.sana.sy\/es\/index.php?rest_route=\/wp\/v2\/media\/291541"}],"wp:attachment":[{"href":"https:\/\/archive.sana.sy\/es\/index.php?rest_route=%2Fwp%2Fv2%2Fmedia&parent=291540"}],"wp:term":[{"taxonomy":"category","embeddable":true,"href":"https:\/\/archive.sana.sy\/es\/index.php?rest_route=%2Fwp%2Fv2%2Fcategories&post=291540"},{"taxonomy":"post_tag","embeddable":true,"href":"https:\/\/archive.sana.sy\/es\/index.php?rest_route=%2Fwp%2Fv2%2Ftags&post=291540"}],"curies":[{"name":"wp","href":"https:\/\/api.w.org\/{rel}","templated":true}]}}