{"id":291577,"date":"2023-03-20T11:23:48","date_gmt":"2023-03-20T08:23:48","guid":{"rendered":"https:\/\/sana.sy\/es\/?p=291577"},"modified":"2023-03-20T11:23:48","modified_gmt":"2023-03-20T08:23:48","slug":"%f0%9f%87%b8%f0%9f%87%besiria-expresa-sus-condolencias-a-las-familias-de-las-victimas-del-terremoto-que-sacudio-a-regiones-de-peru-y-ecuador-y-manifiesta-su-solidaridad-con-sus-dos-gobiernos-y-pueblo","status":"publish","type":"post","link":"https:\/\/archive.sana.sy\/es\/?p=291577","title":{"rendered":"????????Siria expresa sus condolencias a las familias de las v\u00edctimas del terremoto que sacudi\u00f3 a regiones de Per\u00fa y Ecuador, y manifiesta su solidaridad con sus dos gobiernos y pueblos amigos en su enfrentamiento a esta adversidad"},"content":{"rendered":"","protected":false},"excerpt":{"rendered":"","protected":false},"author":32,"featured_media":0,"comment_status":"closed","ping_status":"closed","sticky":false,"template":"","format":"standard","meta":{"footnotes":""},"categories":[596],"tags":[],"class_list":["post-291577","post","type-post","status-publish","format-standard","","category-urgente"],"_links":{"self":[{"href":"https:\/\/archive.sana.sy\/es\/index.php?rest_route=\/wp\/v2\/posts\/291577"}],"collection":[{"href":"https:\/\/archive.sana.sy\/es\/index.php?rest_route=\/wp\/v2\/posts"}],"about":[{"href":"https:\/\/archive.sana.sy\/es\/index.php?rest_route=\/wp\/v2\/types\/post"}],"author":[{"embeddable":true,"href":"https:\/\/archive.sana.sy\/es\/index.php?rest_route=\/wp\/v2\/users\/32"}],"replies":[{"embeddable":true,"href":"https:\/\/archive.sana.sy\/es\/index.php?rest_route=%2Fwp%2Fv2%2Fcomments&post=291577"}],"version-history":[{"count":1,"href":"https:\/\/archive.sana.sy\/es\/index.php?rest_route=\/wp\/v2\/posts\/291577\/revisions"}],"predecessor-version":[{"id":291582,"href":"https:\/\/archive.sana.sy\/es\/index.php?rest_route=\/wp\/v2\/posts\/291577\/revisions\/291582"}],"wp:attachment":[{"href":"https:\/\/archive.sana.sy\/es\/index.php?rest_route=%2Fwp%2Fv2%2Fmedia&parent=291577"}],"wp:term":[{"taxonomy":"category","embeddable":true,"href":"https:\/\/archive.sana.sy\/es\/index.php?rest_route=%2Fwp%2Fv2%2Fcategories&post=291577"},{"taxonomy":"post_tag","embeddable":true,"href":"https:\/\/archive.sana.sy\/es\/index.php?rest_route=%2Fwp%2Fv2%2Ftags&post=291577"}],"curies":[{"name":"wp","href":"https:\/\/api.w.org\/{rel}","templated":true}]}}