{"id":291578,"date":"2023-03-20T11:06:39","date_gmt":"2023-03-20T08:06:39","guid":{"rendered":"https:\/\/sana.sy\/es\/?p=291578"},"modified":"2023-03-20T11:41:45","modified_gmt":"2023-03-20T08:41:45","slug":"inteligencia-de-rusia-eeuu-arma-y-entrena-a-terroristas-en-siria","status":"publish","type":"post","link":"https:\/\/archive.sana.sy\/es\/?p=291578","title":{"rendered":"Inteligencia de Rusia: EEUU arma y entrena a terroristas en Siria"},"content":{"rendered":"<blockquote>\n<p style=\"text-align: justify;\"><span style=\"color: #993300;\">Las operaciones m\u00e1s importantes contra las fuerzas gubernamentales sirias son planificadas por oficiales de inteligencia y representantes del Mando Central de las Fuerzas Armadas estadounidenses<\/span><\/p>\n<\/blockquote>\n<p style=\"text-align: justify;\"><span style=\"color: #800000;\"><strong>Mosc\u00fa, 20 mar (SANA)<\/strong><\/span> El director del Servicio de Inteligencia Exterior de Rusia, Sergu\u00e9i Narishkin, confirm\u00f3 hoy que EEUU arma y entrenar a terroristas, y ejerce en Siria un terrorismo de estado.<\/p>\n<p style=\"text-align: justify;\">Washington sigue utilizando a los grupos terroristas en las zonas bajo su control en Siria para socavar las posiciones del gobierno leg\u00edtimo de Damasco, afirm\u00f3 el directivo.<\/p>\n<p style=\"text-align: justify;\">Agreg\u00f3 que EEUU planea enviar decenas de camionetas equipadas con ametralladoras pesadas y misiles a los terroristas de Daesh en esta naci\u00f3n del levante.<\/p>\n<p style=\"text-align: justify;\">Seg\u00fan Narishkin, la estrecha cooperaci\u00f3n de Washington con los terroristas, incluido el Daesh, constituye un terrorismo de estado.<\/p>\n<p style=\"text-align: justify;\"><img loading=\"lazy\" decoding=\"async\" class=\" wp-image-291579 alignleft\" src=\"http:\/\/sana.sy\/es\/wp-content\/uploads\/2023\/03\/\u0637-300x180.jpg\" alt=\"\" width=\"333\" height=\"200\" srcset=\"https:\/\/archive.sana.sy\/es\/wp-content\/uploads\/2023\/03\/\u0637-300x180.jpg 300w, https:\/\/archive.sana.sy\/es\/wp-content\/uploads\/2023\/03\/\u0637-1024x614.jpg 1024w, https:\/\/archive.sana.sy\/es\/wp-content\/uploads\/2023\/03\/\u0637-150x90.jpg 150w, https:\/\/archive.sana.sy\/es\/wp-content\/uploads\/2023\/03\/\u0637-768x461.jpg 768w, https:\/\/archive.sana.sy\/es\/wp-content\/uploads\/2023\/03\/\u0637.jpg 1280w\" sizes=\"(max-width: 333px) 100vw, 333px\" \/>Los estadounidenses y sus aliados brit\u00e1nicos est\u00e1n trabajando con las formaciones clandestinas del Estado Isl\u00e1mico [Daesh, organizaci\u00f3n inscrita en la lista del terrorismo internacional que quedan en zonas remotas del pa\u00eds&#8221;, afirma Narishkin.<\/p>\n<p style=\"text-align: justify;\">Revel\u00f3 adem\u00e1s, que Estados Unidos planea formar varias unidades radicales islamistas en Siria para desestabilizar zonas en el suroeste, el centro del pa\u00eds y el este del \u00c9ufrates.<\/p>\n<p>&nbsp;<\/p>\n<p style=\"text-align: justify;\">Las operaciones m\u00e1s importantes contra las fuerzas gubernamentales son planificadas por oficiales de inteligencia y representantes del Mando Central de las Fuerzas Armadas estadounidenses, destac\u00f3.<\/p>\n<p style=\"text-align: justify;\">fm\/as<\/p>\n","protected":false},"excerpt":{"rendered":"<p>Las operaciones m\u00e1s importantes contra las fuerzas gubernamentales sirias son planificadas por oficiales de inteligencia y representantes del Mando Central de las Fuerzas Armadas estadounidenses Mosc\u00fa, 20 mar (SANA) El director del Servicio de Inteligencia Exterior de Rusia, Sergu\u00e9i Narishkin, confirm\u00f3 hoy que EEUU arma y entrenar a terroristas, y ejerce en Siria un terrorismo &hellip;<\/p>\n","protected":false},"author":42,"featured_media":291580,"comment_status":"closed","ping_status":"closed","sticky":false,"template":"","format":"standard","meta":{"footnotes":""},"categories":[597,456,16687,20724,583],"tags":[],"class_list":["post-291578","post","type-post","status-publish","format-standard","has-post-thumbnail","","category-cinta-de-noticias","category-arabe-internacional-politica","category-internacionales","category-minuto-a-minuto","category-slide"],"_links":{"self":[{"href":"https:\/\/archive.sana.sy\/es\/index.php?rest_route=\/wp\/v2\/posts\/291578"}],"collection":[{"href":"https:\/\/archive.sana.sy\/es\/index.php?rest_route=\/wp\/v2\/posts"}],"about":[{"href":"https:\/\/archive.sana.sy\/es\/index.php?rest_route=\/wp\/v2\/types\/post"}],"author":[{"embeddable":true,"href":"https:\/\/archive.sana.sy\/es\/index.php?rest_route=\/wp\/v2\/users\/42"}],"replies":[{"embeddable":true,"href":"https:\/\/archive.sana.sy\/es\/index.php?rest_route=%2Fwp%2Fv2%2Fcomments&post=291578"}],"version-history":[{"count":4,"href":"https:\/\/archive.sana.sy\/es\/index.php?rest_route=\/wp\/v2\/posts\/291578\/revisions"}],"predecessor-version":[{"id":291589,"href":"https:\/\/archive.sana.sy\/es\/index.php?rest_route=\/wp\/v2\/posts\/291578\/revisions\/291589"}],"wp:featuredmedia":[{"embeddable":true,"href":"https:\/\/archive.sana.sy\/es\/index.php?rest_route=\/wp\/v2\/media\/291580"}],"wp:attachment":[{"href":"https:\/\/archive.sana.sy\/es\/index.php?rest_route=%2Fwp%2Fv2%2Fmedia&parent=291578"}],"wp:term":[{"taxonomy":"category","embeddable":true,"href":"https:\/\/archive.sana.sy\/es\/index.php?rest_route=%2Fwp%2Fv2%2Fcategories&post=291578"},{"taxonomy":"post_tag","embeddable":true,"href":"https:\/\/archive.sana.sy\/es\/index.php?rest_route=%2Fwp%2Fv2%2Ftags&post=291578"}],"curies":[{"name":"wp","href":"https:\/\/api.w.org\/{rel}","templated":true}]}}