{"id":291583,"date":"2023-03-20T11:29:20","date_gmt":"2023-03-20T08:29:20","guid":{"rendered":"https:\/\/sana.sy\/es\/?p=291583"},"modified":"2023-03-20T11:29:20","modified_gmt":"2023-03-20T08:29:20","slug":"dos-palestinos-resultan-heridos-por-ataques-de-colonos-israelies","status":"publish","type":"post","link":"https:\/\/archive.sana.sy\/es\/?p=291583","title":{"rendered":"Dos palestinos resultan heridos por ataques de colonos israel\u00edes"},"content":{"rendered":"<blockquote>\n<p style=\"text-align: justify;\"><span style=\"color: #993300;\">Seg\u00fan difundi\u00f3 la agencia palestina WAFA, los colonos israel\u00edes atacaron a veh\u00edculos palestinos con piedras lo que provoc\u00f3 lesiones a dos palestinos y da\u00f1os en algunos veh\u00edculos.<\/span><\/p>\n<\/blockquote>\n<p style=\"text-align: justify;\"><span style=\"color: #800000;\"><strong>Jerusal\u00e9n ocupada, 20 mar (SANA)<\/strong><\/span> Dos palestinos resultaron heridos por disparos de las tropas israel\u00edes, al oeste de Jeric\u00f3, en Cisjordania.<\/p>\n<p style=\"text-align: justify;\">Seg\u00fan difundi\u00f3 la agencia palestina WAFA, los colonos israel\u00edes atacaron a veh\u00edculos palestinos con piedras lo que provoc\u00f3 lesiones a dos palestinos y da\u00f1os en algunos veh\u00edculos.<\/p>\n<p style=\"text-align: justify;\">La v\u00edspera, dos palestinos resultaron heridos por agresiones similares al oeste de Ramallah, en Cisjordania.<\/p>\n<p style=\"text-align: justify;\">as\/fm<\/p>\n","protected":false},"excerpt":{"rendered":"<p>Seg\u00fan difundi\u00f3 la agencia palestina WAFA, los colonos israel\u00edes atacaron a veh\u00edculos palestinos con piedras lo que provoc\u00f3 lesiones a dos palestinos y da\u00f1os en algunos veh\u00edculos. Jerusal\u00e9n ocupada, 20 mar (SANA) Dos palestinos resultaron heridos por disparos de las tropas israel\u00edes, al oeste de Jeric\u00f3, en Cisjordania. Seg\u00fan difundi\u00f3 la agencia palestina WAFA, los &hellip;<\/p>\n","protected":false},"author":42,"featured_media":291584,"comment_status":"closed","ping_status":"closed","sticky":false,"template":"","format":"standard","meta":{"footnotes":""},"categories":[456,16687,20724,7541],"tags":[],"class_list":["post-291583","post","type-post","status-publish","format-standard","has-post-thumbnail","","category-arabe-internacional-politica","category-internacionales","category-minuto-a-minuto","category-ultimas-noticias"],"_links":{"self":[{"href":"https:\/\/archive.sana.sy\/es\/index.php?rest_route=\/wp\/v2\/posts\/291583"}],"collection":[{"href":"https:\/\/archive.sana.sy\/es\/index.php?rest_route=\/wp\/v2\/posts"}],"about":[{"href":"https:\/\/archive.sana.sy\/es\/index.php?rest_route=\/wp\/v2\/types\/post"}],"author":[{"embeddable":true,"href":"https:\/\/archive.sana.sy\/es\/index.php?rest_route=\/wp\/v2\/users\/42"}],"replies":[{"embeddable":true,"href":"https:\/\/archive.sana.sy\/es\/index.php?rest_route=%2Fwp%2Fv2%2Fcomments&post=291583"}],"version-history":[{"count":1,"href":"https:\/\/archive.sana.sy\/es\/index.php?rest_route=\/wp\/v2\/posts\/291583\/revisions"}],"predecessor-version":[{"id":291585,"href":"https:\/\/archive.sana.sy\/es\/index.php?rest_route=\/wp\/v2\/posts\/291583\/revisions\/291585"}],"wp:featuredmedia":[{"embeddable":true,"href":"https:\/\/archive.sana.sy\/es\/index.php?rest_route=\/wp\/v2\/media\/291584"}],"wp:attachment":[{"href":"https:\/\/archive.sana.sy\/es\/index.php?rest_route=%2Fwp%2Fv2%2Fmedia&parent=291583"}],"wp:term":[{"taxonomy":"category","embeddable":true,"href":"https:\/\/archive.sana.sy\/es\/index.php?rest_route=%2Fwp%2Fv2%2Fcategories&post=291583"},{"taxonomy":"post_tag","embeddable":true,"href":"https:\/\/archive.sana.sy\/es\/index.php?rest_route=%2Fwp%2Fv2%2Ftags&post=291583"}],"curies":[{"name":"wp","href":"https:\/\/api.w.org\/{rel}","templated":true}]}}