{"id":291586,"date":"2023-03-20T11:43:02","date_gmt":"2023-03-20T08:43:02","guid":{"rendered":"https:\/\/sana.sy\/es\/?p=291586"},"modified":"2023-03-20T17:20:48","modified_gmt":"2023-03-20T14:20:48","slug":"siria-solidaria-con-peru-y-ecuador-tras-sismo","status":"publish","type":"post","link":"https:\/\/archive.sana.sy\/es\/?p=291586","title":{"rendered":"Siria solidaria con Per\u00fa y Ecuador tras sismo"},"content":{"rendered":"<blockquote>\n<p style=\"text-align: justify;\"><span style=\"color: #993300;\">Por medio de una declaraci\u00f3n, el Ministerio de Asuntos Exteriores inform\u00f3 que Siria expresa sus condolencias a las familias de las v\u00edctimas y su solidaridad con los gobiernos y pueblos amigos de estas dos naciones suramericanas en su enfrentamiento a esta adversidad.<\/span><\/p>\n<\/blockquote>\n<p style=\"text-align: justify;\"><span style=\"color: #800000;\"><strong>Damasco, 20 mar (SANA)<\/strong> <\/span>El Gobierno sirio expres\u00f3 hoy su solidaridad y condolencias a las familias de las v\u00edctimas del terremoto que sacudi\u00f3 a regiones de Per\u00fa y Ecuador.<\/p>\n<p style=\"text-align: justify;\">Por medio de una declaraci\u00f3n, el Ministerio de Asuntos Exteriores y Expatriados inform\u00f3 que Siria expresa sus condolencias a las familias de las v\u00edctimas del terremoto que sacudi\u00f3 a regiones de Per\u00fa y Ecuador, y manifiesta su solidaridad con sus dos gobiernos y pueblos amigos en su enfrentamiento a esta adversidad.<\/p>\n<p style=\"text-align: justify;\">Unas 100 viviendas resultaron da\u00f1adas o completamente destruidas, as\u00ed como otras instalaciones, como consecuencia del terremoto de magnitud 6,5 que estremeci\u00f3 el martes a las dos naciones suramericanas.<\/p>\n<p style=\"text-align: justify;\">Con epicentro en el municipio Balao de la sure\u00f1a provincia costera de Guayas, el sismo se sinti\u00f3 en casi la mitad del pa\u00eds, seguido por al menos siete r\u00e9plicas de magnitudes entre 2,6 y 4,6, indic\u00f3 el Instituto Geof\u00edsico ecuatoriano.<\/p>\n<p style=\"text-align: justify;\">fm\/as<\/p>\n","protected":false},"excerpt":{"rendered":"<p>Por medio de una declaraci\u00f3n, el Ministerio de Asuntos Exteriores inform\u00f3 que Siria expresa sus condolencias a las familias de las v\u00edctimas y su solidaridad con los gobiernos y pueblos amigos de estas dos naciones suramericanas en su enfrentamiento a esta adversidad. Damasco, 20 mar (SANA) El Gobierno sirio expres\u00f3 hoy su solidaridad y condolencias &hellip;<\/p>\n","protected":false},"author":42,"featured_media":291590,"comment_status":"closed","ping_status":"closed","sticky":false,"template":"","format":"standard","meta":{"footnotes":""},"categories":[597,467,583],"tags":[],"class_list":["post-291586","post","type-post","status-publish","format-standard","has-post-thumbnail","","category-cinta-de-noticias","category-siria-y-el-mundo","category-slide"],"_links":{"self":[{"href":"https:\/\/archive.sana.sy\/es\/index.php?rest_route=\/wp\/v2\/posts\/291586"}],"collection":[{"href":"https:\/\/archive.sana.sy\/es\/index.php?rest_route=\/wp\/v2\/posts"}],"about":[{"href":"https:\/\/archive.sana.sy\/es\/index.php?rest_route=\/wp\/v2\/types\/post"}],"author":[{"embeddable":true,"href":"https:\/\/archive.sana.sy\/es\/index.php?rest_route=\/wp\/v2\/users\/42"}],"replies":[{"embeddable":true,"href":"https:\/\/archive.sana.sy\/es\/index.php?rest_route=%2Fwp%2Fv2%2Fcomments&post=291586"}],"version-history":[{"count":2,"href":"https:\/\/archive.sana.sy\/es\/index.php?rest_route=\/wp\/v2\/posts\/291586\/revisions"}],"predecessor-version":[{"id":291631,"href":"https:\/\/archive.sana.sy\/es\/index.php?rest_route=\/wp\/v2\/posts\/291586\/revisions\/291631"}],"wp:featuredmedia":[{"embeddable":true,"href":"https:\/\/archive.sana.sy\/es\/index.php?rest_route=\/wp\/v2\/media\/291590"}],"wp:attachment":[{"href":"https:\/\/archive.sana.sy\/es\/index.php?rest_route=%2Fwp%2Fv2%2Fmedia&parent=291586"}],"wp:term":[{"taxonomy":"category","embeddable":true,"href":"https:\/\/archive.sana.sy\/es\/index.php?rest_route=%2Fwp%2Fv2%2Fcategories&post=291586"},{"taxonomy":"post_tag","embeddable":true,"href":"https:\/\/archive.sana.sy\/es\/index.php?rest_route=%2Fwp%2Fv2%2Ftags&post=291586"}],"curies":[{"name":"wp","href":"https:\/\/api.w.org\/{rel}","templated":true}]}}