{"id":291708,"date":"2023-03-21T17:21:59","date_gmt":"2023-03-21T14:21:59","guid":{"rendered":"https:\/\/sana.sy\/es\/?p=291708"},"modified":"2023-03-21T17:21:59","modified_gmt":"2023-03-21T14:21:59","slug":"pekin-critica-enfoque-de-presion-de-ee-uu-en-la-peninsula-coreana","status":"publish","type":"post","link":"https:\/\/archive.sana.sy\/es\/?p=291708","title":{"rendered":"Pek\u00edn critica enfoque de presi\u00f3n de EE.UU en la pen\u00ednsula coreana"},"content":{"rendered":"<p style=\"text-align: justify;\"><strong><span style=\"color: #800000;\">Nueva York, 21 mar (SANA)\u00a0<\/span><\/strong> El representante permanente adjunto de China ante las Naciones Unidas, Geng Shuang, dijo hoy que los m\u00e9todos de disuasi\u00f3n y presi\u00f3n de Estados Unidos alimentan y aumentan las tensiones en la pen\u00ednsula de Corea.<\/p>\n<p style=\"text-align: justify;\">La agencia de noticias china Xinhua cit\u00f3 a Shuang diciendo durante una sesi\u00f3n informativa del Consejo de Seguridad de la ONU sobre la situaci\u00f3n en la pen\u00ednsula de Corea, que \u201cChina est\u00e1 preocupada por la escalada de tensiones en la pen\u00ednsula de Corea\u201d.<\/p>\n<p style=\"text-align: justify;\">Reiter\u00f3 la posici\u00f3n de China que llama el Consejo de Seguridad \u00a0desempe\u00f1ar un papel constructivo en la promoci\u00f3n de una soluci\u00f3n pol\u00edtica, siempre que las discusiones y las medidas a tomar est\u00e9n dirigidas a aliviar las tensiones, recuperar el di\u00e1logo y promover la unidad y la estabilidad en la pen\u00ednsula de Corea.<\/p>\n<p style=\"text-align: justify;\">fm<\/p>\n","protected":false},"excerpt":{"rendered":"<p>Nueva York, 21 mar (SANA)\u00a0 El representante permanente adjunto de China ante las Naciones Unidas, Geng Shuang, dijo hoy que los m\u00e9todos de disuasi\u00f3n y presi\u00f3n de Estados Unidos alimentan y aumentan las tensiones en la pen\u00ednsula de Corea. La agencia de noticias china Xinhua cit\u00f3 a Shuang diciendo durante una sesi\u00f3n informativa del Consejo &hellip;<\/p>\n","protected":false},"author":34,"featured_media":291709,"comment_status":"closed","ping_status":"closed","sticky":false,"template":"","format":"standard","meta":{"footnotes":""},"categories":[597,456,20724,7541],"tags":[],"class_list":["post-291708","post","type-post","status-publish","format-standard","has-post-thumbnail","","category-cinta-de-noticias","category-arabe-internacional-politica","category-minuto-a-minuto","category-ultimas-noticias"],"_links":{"self":[{"href":"https:\/\/archive.sana.sy\/es\/index.php?rest_route=\/wp\/v2\/posts\/291708"}],"collection":[{"href":"https:\/\/archive.sana.sy\/es\/index.php?rest_route=\/wp\/v2\/posts"}],"about":[{"href":"https:\/\/archive.sana.sy\/es\/index.php?rest_route=\/wp\/v2\/types\/post"}],"author":[{"embeddable":true,"href":"https:\/\/archive.sana.sy\/es\/index.php?rest_route=\/wp\/v2\/users\/34"}],"replies":[{"embeddable":true,"href":"https:\/\/archive.sana.sy\/es\/index.php?rest_route=%2Fwp%2Fv2%2Fcomments&post=291708"}],"version-history":[{"count":1,"href":"https:\/\/archive.sana.sy\/es\/index.php?rest_route=\/wp\/v2\/posts\/291708\/revisions"}],"predecessor-version":[{"id":291710,"href":"https:\/\/archive.sana.sy\/es\/index.php?rest_route=\/wp\/v2\/posts\/291708\/revisions\/291710"}],"wp:featuredmedia":[{"embeddable":true,"href":"https:\/\/archive.sana.sy\/es\/index.php?rest_route=\/wp\/v2\/media\/291709"}],"wp:attachment":[{"href":"https:\/\/archive.sana.sy\/es\/index.php?rest_route=%2Fwp%2Fv2%2Fmedia&parent=291708"}],"wp:term":[{"taxonomy":"category","embeddable":true,"href":"https:\/\/archive.sana.sy\/es\/index.php?rest_route=%2Fwp%2Fv2%2Fcategories&post=291708"},{"taxonomy":"post_tag","embeddable":true,"href":"https:\/\/archive.sana.sy\/es\/index.php?rest_route=%2Fwp%2Fv2%2Ftags&post=291708"}],"curies":[{"name":"wp","href":"https:\/\/api.w.org\/{rel}","templated":true}]}}