{"id":291782,"date":"2023-03-22T13:18:49","date_gmt":"2023-03-22T10:18:49","guid":{"rendered":"https:\/\/sana.sy\/es\/?p=291782"},"modified":"2023-03-22T13:19:02","modified_gmt":"2023-03-22T10:19:02","slug":"mueren-dos-hermanos-por-explosion-de-mina-en-hama-siria","status":"publish","type":"post","link":"https:\/\/archive.sana.sy\/es\/?p=291782","title":{"rendered":"Mueren dos hermanos por explosi\u00f3n de mina en Hama, Siria"},"content":{"rendered":"<blockquote>\n<p style=\"text-align: justify;\"><span style=\"color: #800000;\">El Comando de Polic\u00eda provincial declar\u00f3 al reportero de SANA que una mina terrestre dejada por los terroristas estall\u00f3 al paso de una motocicleta en la que se trasladan un joven y su hermana en el este del municipio de Salamieh, lo que caus\u00f3 su muerte inmediata.<\/span><\/p>\n<\/blockquote>\n<p style=\"text-align: justify;\"><span style=\"color: #800000;\"><strong>Hama, 22 mar (SANA)<\/strong><\/span>\u00a0 Una mina remanente de los terroristas de Daesh explot\u00f3 hoy y mat\u00f3 a un joven y a su hermana en la zona de Wadi al-Atheeb, en el este de la provincia central de Hama.<\/p>\n<p style=\"text-align: justify;\">El Comando de Polic\u00eda provincial declar\u00f3 al reportero de SANA que una mina terrestre dejada por los terroristas estall\u00f3 al paso de una motocicleta en la que se trasladan un joven y su hermana en el este del municipio de Salamieh, lo que caus\u00f3 su muerte inmediata.<\/p>\n<p style=\"text-align: justify;\">El d\u00eda ocho de este mes, tres ciudadanos de una misma familia perdieron la vida tras un ataque de los terroristas de Daesh en la misma \u00e1rea.<\/p>\n<p style=\"text-align: justify;\">Mientras en Febrero pasado, diez ciudadanos murieron y otros 12 resultaron heridas por la explosi\u00f3n de dos minas y el d\u00eda 17 del mismo mes, 53 ciudadanos que recolectaban trufas fueron asesinados por terroristas de Daesh en el sureste de la ciudad de Al-Sukhna en el campo oriental de Homs.<\/p>\n<p style=\"text-align: justify;\">fm\/ed<\/p>\n","protected":false},"excerpt":{"rendered":"<p>El Comando de Polic\u00eda provincial declar\u00f3 al reportero de SANA que una mina terrestre dejada por los terroristas estall\u00f3 al paso de una motocicleta en la que se trasladan un joven y su hermana en el este del municipio de Salamieh, lo que caus\u00f3 su muerte inmediata. Hama, 22 mar (SANA)\u00a0 Una mina remanente de &hellip;<\/p>\n","protected":false},"author":32,"featured_media":291784,"comment_status":"closed","ping_status":"closed","sticky":false,"template":"","format":"standard","meta":{"footnotes":""},"categories":[477,447,597,476,7541],"tags":[],"class_list":["post-291782","post","type-post","status-publish","format-standard","has-post-thumbnail","","category-noticias-edulcorantes","category-local-politica","category-cinta-de-noticias","category-locales","category-ultimas-noticias"],"_links":{"self":[{"href":"https:\/\/archive.sana.sy\/es\/index.php?rest_route=\/wp\/v2\/posts\/291782"}],"collection":[{"href":"https:\/\/archive.sana.sy\/es\/index.php?rest_route=\/wp\/v2\/posts"}],"about":[{"href":"https:\/\/archive.sana.sy\/es\/index.php?rest_route=\/wp\/v2\/types\/post"}],"author":[{"embeddable":true,"href":"https:\/\/archive.sana.sy\/es\/index.php?rest_route=\/wp\/v2\/users\/32"}],"replies":[{"embeddable":true,"href":"https:\/\/archive.sana.sy\/es\/index.php?rest_route=%2Fwp%2Fv2%2Fcomments&post=291782"}],"version-history":[{"count":2,"href":"https:\/\/archive.sana.sy\/es\/index.php?rest_route=\/wp\/v2\/posts\/291782\/revisions"}],"predecessor-version":[{"id":291786,"href":"https:\/\/archive.sana.sy\/es\/index.php?rest_route=\/wp\/v2\/posts\/291782\/revisions\/291786"}],"wp:featuredmedia":[{"embeddable":true,"href":"https:\/\/archive.sana.sy\/es\/index.php?rest_route=\/wp\/v2\/media\/291784"}],"wp:attachment":[{"href":"https:\/\/archive.sana.sy\/es\/index.php?rest_route=%2Fwp%2Fv2%2Fmedia&parent=291782"}],"wp:term":[{"taxonomy":"category","embeddable":true,"href":"https:\/\/archive.sana.sy\/es\/index.php?rest_route=%2Fwp%2Fv2%2Fcategories&post=291782"},{"taxonomy":"post_tag","embeddable":true,"href":"https:\/\/archive.sana.sy\/es\/index.php?rest_route=%2Fwp%2Fv2%2Ftags&post=291782"}],"curies":[{"name":"wp","href":"https:\/\/api.w.org\/{rel}","templated":true}]}}