{"id":291794,"date":"2023-03-22T13:52:08","date_gmt":"2023-03-22T10:52:08","guid":{"rendered":"https:\/\/sana.sy\/es\/?p=291794"},"modified":"2023-03-22T15:44:08","modified_gmt":"2023-03-22T12:44:08","slug":"siria-rechaza-declaraciones-de-los-funcionarios-israelies-y-las-tacha-de-racistas","status":"publish","type":"post","link":"https:\/\/archive.sana.sy\/es\/?p=291794","title":{"rendered":"Siria rechaza declaraciones de los funcionarios israel\u00edes y las tacha de racistas"},"content":{"rendered":"<p style=\"text-align: justify;\"><span style=\"color: #800000;\"><strong>Damasco, 22 mar (SANA)<\/strong><\/span> El Ministerio de Asuntos Exteriores y Expatriados rechaz\u00f3 hoy las declaraciones racistas emitidas por los funcionarios israel\u00edes y consider\u00f3 que las mismas constituyen una expresi\u00f3n clara de agresividad de &#8220;Israel&#8221; y de sus ambiciones expansionistas.<\/p>\n<p style=\"text-align: justify;\">Dichos pronunciamiento muestran un desprecio hacia las normas m\u00e1s b\u00e1sicas del derecho internacional y las resoluciones pertinentes de las Naciones Unidas, afirm\u00f3 la Canciller\u00eda por medio de una declaraci\u00f3n.<\/p>\n<p style=\"text-align: justify;\">Ratific\u00f3 el apoyo de Siria al pueblo palestino en su lucha por obtener todos sus derechos, incluida su independencia y el establecimiento de su estado independiente con Jerusal\u00e9n como su capital.<\/p>\n<p style=\"text-align: justify;\">Reiteramos tambi\u00e9n nuestro apoyo a la soberan\u00eda del hermano Reino Hachemita de Jordania y su integridad y unidad territorial, afirm\u00f3 la nota.<\/p>\n<p style=\"text-align: justify;\">El ministro en el gabinete del ocupante israel\u00ed, Bezalel Smotrich, hab\u00eda negado en declaraciones hechas el pasado domingo, la existencia del pueblo palestino y present\u00f3 un mapa de \u201cIsrael\u201d con los territorios de Palestina y Jordania, lo cual fue muy rechazado por palestinos, jordanos y \u00e1rabes.<\/p>\n<p style=\"text-align: justify;\">fm\/as<\/p>\n","protected":false},"excerpt":{"rendered":"<p>Damasco, 22 mar (SANA) El Ministerio de Asuntos Exteriores y Expatriados rechaz\u00f3 hoy las declaraciones racistas emitidas por los funcionarios israel\u00edes y consider\u00f3 que las mismas constituyen una expresi\u00f3n clara de agresividad de &#8220;Israel&#8221; y de sus ambiciones expansionistas. Dichos pronunciamiento muestran un desprecio hacia las normas m\u00e1s b\u00e1sicas del derecho internacional y las resoluciones &hellip;<\/p>\n","protected":false},"author":42,"featured_media":290280,"comment_status":"closed","ping_status":"closed","sticky":false,"template":"","format":"standard","meta":{"footnotes":""},"categories":[597,467,583],"tags":[],"class_list":["post-291794","post","type-post","status-publish","format-standard","has-post-thumbnail","","category-cinta-de-noticias","category-siria-y-el-mundo","category-slide"],"_links":{"self":[{"href":"https:\/\/archive.sana.sy\/es\/index.php?rest_route=\/wp\/v2\/posts\/291794"}],"collection":[{"href":"https:\/\/archive.sana.sy\/es\/index.php?rest_route=\/wp\/v2\/posts"}],"about":[{"href":"https:\/\/archive.sana.sy\/es\/index.php?rest_route=\/wp\/v2\/types\/post"}],"author":[{"embeddable":true,"href":"https:\/\/archive.sana.sy\/es\/index.php?rest_route=\/wp\/v2\/users\/42"}],"replies":[{"embeddable":true,"href":"https:\/\/archive.sana.sy\/es\/index.php?rest_route=%2Fwp%2Fv2%2Fcomments&post=291794"}],"version-history":[{"count":2,"href":"https:\/\/archive.sana.sy\/es\/index.php?rest_route=\/wp\/v2\/posts\/291794\/revisions"}],"predecessor-version":[{"id":291805,"href":"https:\/\/archive.sana.sy\/es\/index.php?rest_route=\/wp\/v2\/posts\/291794\/revisions\/291805"}],"wp:featuredmedia":[{"embeddable":true,"href":"https:\/\/archive.sana.sy\/es\/index.php?rest_route=\/wp\/v2\/media\/290280"}],"wp:attachment":[{"href":"https:\/\/archive.sana.sy\/es\/index.php?rest_route=%2Fwp%2Fv2%2Fmedia&parent=291794"}],"wp:term":[{"taxonomy":"category","embeddable":true,"href":"https:\/\/archive.sana.sy\/es\/index.php?rest_route=%2Fwp%2Fv2%2Fcategories&post=291794"},{"taxonomy":"post_tag","embeddable":true,"href":"https:\/\/archive.sana.sy\/es\/index.php?rest_route=%2Fwp%2Fv2%2Ftags&post=291794"}],"curies":[{"name":"wp","href":"https:\/\/api.w.org\/{rel}","templated":true}]}}