{"id":291889,"date":"2023-03-23T15:17:02","date_gmt":"2023-03-23T12:17:02","guid":{"rendered":"https:\/\/sana.sy\/es\/?p=291889"},"modified":"2023-03-24T08:05:23","modified_gmt":"2023-03-24T05:05:23","slug":"300-colonos-asaltan-la-sagrado-mezquita-al-aqsa","status":"publish","type":"post","link":"https:\/\/archive.sana.sy\/es\/?p=291889","title":{"rendered":"300 colonos asaltan la sagrada mezquita Al-Aqsa"},"content":{"rendered":"<blockquote>\n<p style=\"text-align: justify;\"><span style=\"color: #993300;\">\u00a0Seg\u00fan reportes de la agencia palestina de noticias Wafa, el Departamento de Dotaciones Isl\u00e1micas en Jerusal\u00e9n inform\u00f3 que 300 colonos asaltaron Al-Aqsa, y realizaron recorridos provocativos en sus patios, protegidos por las fuerzas de ocupaci\u00f3n.<\/span><\/p>\n<\/blockquote>\n<p style=\"text-align: justify;\"><span style=\"color: #800000;\"><strong>Jerusal\u00e9n ocupada, 23 mar (SANA)\u00a0<\/strong><\/span> \u00a0Cientos de colonos israel\u00edes irrumpieron hoy en la sagrada mezquita musulmana de Al-Aqsa, en la ocupada ciudad de Jerusal\u00e9n.<\/p>\n<p style=\"text-align: justify;\">Seg\u00fan reportes de la agencia palestina de noticias Wafa, el Departamento de Dotaciones Isl\u00e1micas en Jerusal\u00e9n inform\u00f3 que 300 colonos asaltaron Al-Aqsa, y realizaron recorridos provocativos en sus patios, protegidos por las fuerzas de ocupaci\u00f3n.<\/p>\n<p style=\"text-align: justify;\">Los militares israel\u00edes intensificaron su presencia en las entradas de este santo lugar e impusieron restricciones sobre la entrada de fieles palestinos.<\/p>\n<p style=\"text-align: justify;\">Por otro lado, las fuerzas nacionales palestinas instaron a intensificar las concentraciones en la mezquita durante el sagrado mes de Ramad\u00e1n, para hacer frente a las incursiones de los colonos y frustrar los planes del ocupante de judaizar Jerusal\u00e9n y Al-Aqsa.<\/p>\n<p style=\"text-align: justify;\">fm\/ed<\/p>\n","protected":false},"excerpt":{"rendered":"<p>\u00a0Seg\u00fan reportes de la agencia palestina de noticias Wafa, el Departamento de Dotaciones Isl\u00e1micas en Jerusal\u00e9n inform\u00f3 que 300 colonos asaltaron Al-Aqsa, y realizaron recorridos provocativos en sus patios, protegidos por las fuerzas de ocupaci\u00f3n. Jerusal\u00e9n ocupada, 23 mar (SANA)\u00a0 \u00a0Cientos de colonos israel\u00edes irrumpieron hoy en la sagrada mezquita musulmana de Al-Aqsa, en la &hellip;<\/p>\n","protected":false},"author":32,"featured_media":291890,"comment_status":"closed","ping_status":"closed","sticky":false,"template":"","format":"standard","meta":{"footnotes":""},"categories":[597,456,16687,7541],"tags":[],"class_list":["post-291889","post","type-post","status-publish","format-standard","has-post-thumbnail","","category-cinta-de-noticias","category-arabe-internacional-politica","category-internacionales","category-ultimas-noticias"],"_links":{"self":[{"href":"https:\/\/archive.sana.sy\/es\/index.php?rest_route=\/wp\/v2\/posts\/291889"}],"collection":[{"href":"https:\/\/archive.sana.sy\/es\/index.php?rest_route=\/wp\/v2\/posts"}],"about":[{"href":"https:\/\/archive.sana.sy\/es\/index.php?rest_route=\/wp\/v2\/types\/post"}],"author":[{"embeddable":true,"href":"https:\/\/archive.sana.sy\/es\/index.php?rest_route=\/wp\/v2\/users\/32"}],"replies":[{"embeddable":true,"href":"https:\/\/archive.sana.sy\/es\/index.php?rest_route=%2Fwp%2Fv2%2Fcomments&post=291889"}],"version-history":[{"count":3,"href":"https:\/\/archive.sana.sy\/es\/index.php?rest_route=\/wp\/v2\/posts\/291889\/revisions"}],"predecessor-version":[{"id":291934,"href":"https:\/\/archive.sana.sy\/es\/index.php?rest_route=\/wp\/v2\/posts\/291889\/revisions\/291934"}],"wp:featuredmedia":[{"embeddable":true,"href":"https:\/\/archive.sana.sy\/es\/index.php?rest_route=\/wp\/v2\/media\/291890"}],"wp:attachment":[{"href":"https:\/\/archive.sana.sy\/es\/index.php?rest_route=%2Fwp%2Fv2%2Fmedia&parent=291889"}],"wp:term":[{"taxonomy":"category","embeddable":true,"href":"https:\/\/archive.sana.sy\/es\/index.php?rest_route=%2Fwp%2Fv2%2Fcategories&post=291889"},{"taxonomy":"post_tag","embeddable":true,"href":"https:\/\/archive.sana.sy\/es\/index.php?rest_route=%2Fwp%2Fv2%2Ftags&post=291889"}],"curies":[{"name":"wp","href":"https:\/\/api.w.org\/{rel}","templated":true}]}}