{"id":291966,"date":"2023-03-24T14:32:01","date_gmt":"2023-03-24T11:32:01","guid":{"rendered":"https:\/\/sana.sy\/es\/?p=291966"},"modified":"2023-03-24T21:52:20","modified_gmt":"2023-03-24T18:52:20","slug":"medvedev-rusia-combate-en-ucrania-al-enorme-ejercito-de-la-otan-que-tiene-36-millones-de-soldados","status":"publish","type":"post","link":"https:\/\/archive.sana.sy\/es\/?p=291966","title":{"rendered":"Medvedev: Rusia combate en Ucrania al enorme ej\u00e9rcito de la OTAN que tiene 3,6 millones de soldados"},"content":{"rendered":"<blockquote>\n<p style=\"text-align: justify;\"><span style=\"color: #993300;\"><em>En respuesta a una pregunta sobre la posibilidad de que las fuerzas rusas entren en Kiev, el titular ruso dijo: \u201cEn este conflicto, no se puede descartar nada, y si es necesario llegar a Kiev o incluso a Lvov, se llegar\u00e1 all\u00ed para erradicar a estas males infecciosos\u201d.<\/em><\/span><\/p>\n<\/blockquote>\n<p style=\"text-align: justify;\"><span style=\"color: #800000;\"><strong>Mosc\u00fa, 24 mar (SANA)<\/strong><\/span> El vicepresidente del Consejo de Seguridad de Rusia, Dmitry Medvedev, afirm\u00f3 que no solo el r\u00e9gimen de Kiev est\u00e1 luchando contra Rusia sino el enorme ej\u00e9rcito de la \u201cOTAN\u201d tambi\u00e9n.<\/p>\n<p style=\"text-align: justify;\">\u201cRusia no est\u00e1 en guerra con el r\u00e9gimen ucraniano nazi o seminazi, sino con 3,6 millones de soldados del enorme ej\u00e9rcito de la OTAN\u201d, inform\u00f3 RIA Novosti citando a Medvedev.<\/p>\n<p style=\"text-align: justify;\">Agreg\u00f3 que la OTAN est\u00e1 directamente involucrada en el conflicto ucraniano.<\/p>\n<p style=\"text-align: justify;\">En respuesta a una pregunta sobre la posibilidad de que las fuerzas rusas entren en Kiev, el titular ruso dijo: \u201cEn este conflicto, no se puede descartar nada, y si es necesario llegar a Kiev o incluso a Lvov, se llegar\u00e1 all\u00ed para erradicar a estas males infecciosos\u201d.<\/p>\n<p style=\"text-align: justify;\">En cuanto al ej\u00e9rcito m\u00e1s fuerte, el ruso o el estadounidense, el alto funcionario dijo: &#8220;determinar qu\u00e9 ej\u00e9rcito es el primero o el segundo solo quedar\u00e1 claro en el contexto de un conflicto real. Adem\u00e1s, hablar de que el ej\u00e9rcito de EE. UU. es el primero en el mundo y nuestro ej\u00e9rcito es el segundo est\u00e1 mal por una raz\u00f3n: si estos ej\u00e9rcitos comienzan una guerra entre s\u00ed, nunca habr\u00e1 un vencedor\u201d.<\/p>\n<p style=\"text-align: justify;\">sm\/fm<\/p>\n","protected":false},"excerpt":{"rendered":"<p>En respuesta a una pregunta sobre la posibilidad de que las fuerzas rusas entren en Kiev, el titular ruso dijo: \u201cEn este conflicto, no se puede descartar nada, y si es necesario llegar a Kiev o incluso a Lvov, se llegar\u00e1 all\u00ed para erradicar a estas males infecciosos\u201d. Mosc\u00fa, 24 mar (SANA) El vicepresidente del &hellip;<\/p>\n","protected":false},"author":39,"featured_media":291967,"comment_status":"closed","ping_status":"closed","sticky":false,"template":"","format":"standard","meta":{"footnotes":""},"categories":[597,456,16687,20724],"tags":[],"class_list":["post-291966","post","type-post","status-publish","format-standard","has-post-thumbnail","","category-cinta-de-noticias","category-arabe-internacional-politica","category-internacionales","category-minuto-a-minuto"],"_links":{"self":[{"href":"https:\/\/archive.sana.sy\/es\/index.php?rest_route=\/wp\/v2\/posts\/291966"}],"collection":[{"href":"https:\/\/archive.sana.sy\/es\/index.php?rest_route=\/wp\/v2\/posts"}],"about":[{"href":"https:\/\/archive.sana.sy\/es\/index.php?rest_route=\/wp\/v2\/types\/post"}],"author":[{"embeddable":true,"href":"https:\/\/archive.sana.sy\/es\/index.php?rest_route=\/wp\/v2\/users\/39"}],"replies":[{"embeddable":true,"href":"https:\/\/archive.sana.sy\/es\/index.php?rest_route=%2Fwp%2Fv2%2Fcomments&post=291966"}],"version-history":[{"count":1,"href":"https:\/\/archive.sana.sy\/es\/index.php?rest_route=\/wp\/v2\/posts\/291966\/revisions"}],"predecessor-version":[{"id":291968,"href":"https:\/\/archive.sana.sy\/es\/index.php?rest_route=\/wp\/v2\/posts\/291966\/revisions\/291968"}],"wp:featuredmedia":[{"embeddable":true,"href":"https:\/\/archive.sana.sy\/es\/index.php?rest_route=\/wp\/v2\/media\/291967"}],"wp:attachment":[{"href":"https:\/\/archive.sana.sy\/es\/index.php?rest_route=%2Fwp%2Fv2%2Fmedia&parent=291966"}],"wp:term":[{"taxonomy":"category","embeddable":true,"href":"https:\/\/archive.sana.sy\/es\/index.php?rest_route=%2Fwp%2Fv2%2Fcategories&post=291966"},{"taxonomy":"post_tag","embeddable":true,"href":"https:\/\/archive.sana.sy\/es\/index.php?rest_route=%2Fwp%2Fv2%2Ftags&post=291966"}],"curies":[{"name":"wp","href":"https:\/\/api.w.org\/{rel}","templated":true}]}}