{"id":292162,"date":"2023-03-27T10:04:50","date_gmt":"2023-03-27T07:04:50","guid":{"rendered":"http:\/\/sana.sy\/es\/?p=292162"},"modified":"2023-03-27T14:56:27","modified_gmt":"2023-03-27T11:56:27","slug":"siria-libano-jordania-e-iraq-firman-acuerdo-de-cooperacion-para-lograr-integracion-agricola","status":"publish","type":"post","link":"https:\/\/archive.sana.sy\/es\/?p=292162","title":{"rendered":"Siria, L\u00edbano, Jordania e Iraq firman acuerdo de cooperaci\u00f3n para lograr integraci\u00f3n agr\u00edcola"},"content":{"rendered":"<blockquote>\n<p style=\"text-align: justify;\"><span style=\"color: #993300;\">\u00a0El objetivo final de todos los esfuerzos es lograr la seguridad alimentaria, y los dem\u00e1s pa\u00edses \u00e1rabes est\u00e1n invitados a unirse al mismo, dijo el ministro sirio de Agricultura, Mohammed Hassan Qatana, durante una conferencia de prensa con sus hom\u00f3logos iraqu\u00ed, jordano y liban\u00e9s.<\/span><\/p>\n<\/blockquote>\n<p style=\"text-align: justify;\"><span style=\"color: #800000;\"><strong>Damasco, 27 mar (SANA)\u00a0<\/strong><\/span> \u00a0Los ministros de Agricultura de Siria, Jordania, Irak y L\u00edbano, respectivamente Mohammed Hassan Qatana, Khaled Al-Hanifat, Abbas Al-Alaywi y Abbas Al-Haj Hassan, firmaron hoy en Damasco, un documento para la cooperaci\u00f3n en el campo agr\u00edcola y la promoci\u00f3n del intercambio comercial con el fin de lograr la integraci\u00f3n agr\u00edcola entre los cuatro pa\u00edses.<\/p>\n<p style=\"text-align: justify;\">El documento estipula la promoci\u00f3n y desarrollo de la cooperaci\u00f3n en el campo agr\u00edcola, tanto vegetal como animal, el intercambio de conocimientos, informaci\u00f3n y experiencias agr\u00edcolas y la gesti\u00f3n de \u00e1reas protegidas y parques entre los cuatro pa\u00edses.<\/p>\n<p style=\"text-align: justify;\">Incluye, adem\u00e1s, la cooperaci\u00f3n en materia de lucha contra los incendios, el cambio clim\u00e1tico, el desarrollo rural, la extensi\u00f3n agr\u00edcola, la producci\u00f3n, la sanidad animal y los medicamentos veterinarios.<\/p>\n<p style=\"text-align: justify;\">El ministro sirio de Agricultura, Mohammed Hassan Qatana, dijo que en virtud del convenio se presentar\u00e1n proyectos de inversi\u00f3n como la construcci\u00f3n de instalaciones para ganado y forraje.<\/p>\n<p style=\"text-align: justify;\"><img loading=\"lazy\" decoding=\"async\" class=\"size-full wp-image-292184 alignleft\" src=\"http:\/\/sana.sy\/es\/wp-content\/uploads\/2023\/03\/DSC_7711-300x200-1.jpg\" alt=\"\" width=\"300\" height=\"200\" srcset=\"https:\/\/archive.sana.sy\/es\/wp-content\/uploads\/2023\/03\/DSC_7711-300x200-1.jpg 300w, https:\/\/archive.sana.sy\/es\/wp-content\/uploads\/2023\/03\/DSC_7711-300x200-1-150x100.jpg 150w\" sizes=\"(max-width: 300px) 100vw, 300px\" \/>Durante una conferencia de prensa con sus hom\u00f3logos iraqu\u00ed, jordano y liban\u00e9s, el titular sirio aclar\u00f3 que el objetivo final de todos los esfuerzos es lograr la seguridad alimentaria, y asegur\u00f3 que los dem\u00e1s pa\u00edses \u00e1rabes est\u00e1n invitados a unirse al mismo.<\/p>\n<p style=\"text-align: justify;\">A su vez, el ministro de Agricultura iraqu\u00ed Abbas Al-Alawi se\u00f1al\u00f3 que el acuerdo es un punto de partida para el trabajo conjunto y la cooperaci\u00f3n en el sector agr\u00edcola, del que depende la mayor\u00eda de los pueblos \u00e1rabes, y proporciona mercados para vender los productos de los cuatro pa\u00edses.<\/p>\n<p style=\"text-align: justify;\">Mientras el ministro de Agricultura de Jordania, Khaled Hanifat consider\u00f3 que el memorando es una traducci\u00f3n de los sinceros sentimientos fraternales entre los cuatros pa\u00edses y ayuda a lograr la integraci\u00f3n en inter\u00e9s de los pueblos.<\/p>\n<p style=\"text-align: justify;\">De igual manera, el ministro liban\u00e9s de Agricultura, Abbas Hajj Hassan dijo que &#8220;este memorando es un paso fundacional para una acci\u00f3n \u00e1rabe pionera conjunta que comienza desde Damasco, y esperamos que incluya a todos los pa\u00edses \u00e1rabes en un futuro pr\u00f3ximo&#8221;.<\/p>\n<p style=\"text-align: justify;\">fm\/ed<\/p>\n","protected":false},"excerpt":{"rendered":"<p>\u00a0El objetivo final de todos los esfuerzos es lograr la seguridad alimentaria, y los dem\u00e1s pa\u00edses \u00e1rabes est\u00e1n invitados a unirse al mismo, dijo el ministro sirio de Agricultura, Mohammed Hassan Qatana, durante una conferencia de prensa con sus hom\u00f3logos iraqu\u00ed, jordano y liban\u00e9s. Damasco, 27 mar (SANA)\u00a0 \u00a0Los ministros de Agricultura de Siria, Jordania, &hellip;<\/p>\n","protected":false},"author":32,"featured_media":292183,"comment_status":"closed","ping_status":"closed","sticky":false,"template":"","format":"standard","meta":{"footnotes":""},"categories":[447,620,597,16686,483,485,467,583],"tags":[],"class_list":["post-292162","post","type-post","status-publish","format-standard","has-post-thumbnail","","category-local-politica","category-boletin-economico","category-cinta-de-noticias","category-economia","category-negocios-y-finanzas","category-informes-negocios-y-finanzas","category-siria-y-el-mundo","category-slide"],"_links":{"self":[{"href":"https:\/\/archive.sana.sy\/es\/index.php?rest_route=\/wp\/v2\/posts\/292162"}],"collection":[{"href":"https:\/\/archive.sana.sy\/es\/index.php?rest_route=\/wp\/v2\/posts"}],"about":[{"href":"https:\/\/archive.sana.sy\/es\/index.php?rest_route=\/wp\/v2\/types\/post"}],"author":[{"embeddable":true,"href":"https:\/\/archive.sana.sy\/es\/index.php?rest_route=\/wp\/v2\/users\/32"}],"replies":[{"embeddable":true,"href":"https:\/\/archive.sana.sy\/es\/index.php?rest_route=%2Fwp%2Fv2%2Fcomments&post=292162"}],"version-history":[{"count":4,"href":"https:\/\/archive.sana.sy\/es\/index.php?rest_route=\/wp\/v2\/posts\/292162\/revisions"}],"predecessor-version":[{"id":292186,"href":"https:\/\/archive.sana.sy\/es\/index.php?rest_route=\/wp\/v2\/posts\/292162\/revisions\/292186"}],"wp:featuredmedia":[{"embeddable":true,"href":"https:\/\/archive.sana.sy\/es\/index.php?rest_route=\/wp\/v2\/media\/292183"}],"wp:attachment":[{"href":"https:\/\/archive.sana.sy\/es\/index.php?rest_route=%2Fwp%2Fv2%2Fmedia&parent=292162"}],"wp:term":[{"taxonomy":"category","embeddable":true,"href":"https:\/\/archive.sana.sy\/es\/index.php?rest_route=%2Fwp%2Fv2%2Fcategories&post=292162"},{"taxonomy":"post_tag","embeddable":true,"href":"https:\/\/archive.sana.sy\/es\/index.php?rest_route=%2Fwp%2Fv2%2Ftags&post=292162"}],"curies":[{"name":"wp","href":"https:\/\/api.w.org\/{rel}","templated":true}]}}