{"id":292172,"date":"2023-03-27T11:34:33","date_gmt":"2023-03-27T08:34:33","guid":{"rendered":"http:\/\/sana.sy\/es\/?p=292172"},"modified":"2023-03-27T11:34:33","modified_gmt":"2023-03-27T08:34:33","slug":"rechazo-en-indonesia-a-seleccion-israeli-lleva-la-fifa-a-cancelar-el-sorteo-del-mundial-de-futbol-sub-20","status":"publish","type":"post","link":"https:\/\/archive.sana.sy\/es\/?p=292172","title":{"rendered":"Rechazo en Indonesia a selecci\u00f3n israel\u00ed lleva la FIFA a cancelar el sorteo del Mundial de f\u00fatbol Sub-20"},"content":{"rendered":"<blockquote>\n<p style=\"text-align: justify;\"><strong><span style=\"color: #993300;\">La provincia indonesia de Bali rechaz\u00f3 la presencia de selecci\u00f3n israel\u00ed de f\u00fatbol, lo cual llev\u00f3 la FIFA a cancelar el sorteo de grupos del Mundial de F\u00fatbol Sub-20 de Indonesia.<\/span><\/strong><\/p>\n<\/blockquote>\n<p style=\"text-align: justify;\"><span style=\"color: #800000;\">Jakarta, 27 mar (SANA)\u00a0<\/span> \u00a0La provincia indonesia de Bali rechaz\u00f3 la presencia de selecci\u00f3n israel\u00ed de f\u00fatbol, lo cual llev\u00f3 la FIFA a cancelar el sorteo de grupos del Mundial de F\u00fatbol Sub-20 de Indonesia.<\/p>\n<p style=\"text-align: justify;\">Un comunicado de la Asociaci\u00f3n de F\u00fatbol de Indonesia (PSSI) indic\u00f3 que el evento que iba a celebrarse el pr\u00f3ximo viernes en la ciudad de Denpasar, en Bali, ha sido anulado despu\u00e9s de que Wayan Koster, gobernador de esa provincia indonesia, rechazara la presencia de la selecci\u00f3n israel\u00ed.<\/p>\n<p style=\"text-align: justify;\">Koster solicit\u00f3 al ministro de Juventud y Deportes, Zainudin Amali, que prohibiera al combinado israel\u00ed participar en la competici\u00f3n deportiva por respeto a la postura diplom\u00e1tica del pa\u00eds asi\u00e1tico sobre la cuesti\u00f3n de Palestina.<\/p>\n<p style=\"text-align: justify;\">fm\/ed<\/p>\n","protected":false},"excerpt":{"rendered":"<p>La provincia indonesia de Bali rechaz\u00f3 la presencia de selecci\u00f3n israel\u00ed de f\u00fatbol, lo cual llev\u00f3 la FIFA a cancelar el sorteo de grupos del Mundial de F\u00fatbol Sub-20 de Indonesia. Jakarta, 27 mar (SANA)\u00a0 \u00a0La provincia indonesia de Bali rechaz\u00f3 la presencia de selecci\u00f3n israel\u00ed de f\u00fatbol, lo cual llev\u00f3 la FIFA a cancelar &hellip;<\/p>\n","protected":false},"author":32,"featured_media":292173,"comment_status":"closed","ping_status":"closed","sticky":false,"template":"","format":"standard","meta":{"footnotes":""},"categories":[597,456,16687,7541],"tags":[],"class_list":["post-292172","post","type-post","status-publish","format-standard","has-post-thumbnail","","category-cinta-de-noticias","category-arabe-internacional-politica","category-internacionales","category-ultimas-noticias"],"_links":{"self":[{"href":"https:\/\/archive.sana.sy\/es\/index.php?rest_route=\/wp\/v2\/posts\/292172"}],"collection":[{"href":"https:\/\/archive.sana.sy\/es\/index.php?rest_route=\/wp\/v2\/posts"}],"about":[{"href":"https:\/\/archive.sana.sy\/es\/index.php?rest_route=\/wp\/v2\/types\/post"}],"author":[{"embeddable":true,"href":"https:\/\/archive.sana.sy\/es\/index.php?rest_route=\/wp\/v2\/users\/32"}],"replies":[{"embeddable":true,"href":"https:\/\/archive.sana.sy\/es\/index.php?rest_route=%2Fwp%2Fv2%2Fcomments&post=292172"}],"version-history":[{"count":1,"href":"https:\/\/archive.sana.sy\/es\/index.php?rest_route=\/wp\/v2\/posts\/292172\/revisions"}],"predecessor-version":[{"id":292174,"href":"https:\/\/archive.sana.sy\/es\/index.php?rest_route=\/wp\/v2\/posts\/292172\/revisions\/292174"}],"wp:featuredmedia":[{"embeddable":true,"href":"https:\/\/archive.sana.sy\/es\/index.php?rest_route=\/wp\/v2\/media\/292173"}],"wp:attachment":[{"href":"https:\/\/archive.sana.sy\/es\/index.php?rest_route=%2Fwp%2Fv2%2Fmedia&parent=292172"}],"wp:term":[{"taxonomy":"category","embeddable":true,"href":"https:\/\/archive.sana.sy\/es\/index.php?rest_route=%2Fwp%2Fv2%2Fcategories&post=292172"},{"taxonomy":"post_tag","embeddable":true,"href":"https:\/\/archive.sana.sy\/es\/index.php?rest_route=%2Fwp%2Fv2%2Ftags&post=292172"}],"curies":[{"name":"wp","href":"https:\/\/api.w.org\/{rel}","templated":true}]}}