{"id":292247,"date":"2023-03-28T11:47:59","date_gmt":"2023-03-28T08:47:59","guid":{"rendered":"http:\/\/sana.sy\/es\/?p=292247"},"modified":"2023-03-28T11:47:59","modified_gmt":"2023-03-28T08:47:59","slug":"fuerzas-ucranianas-mataron-a-mas-de-4-500-civiles-en-donetsk-desde-febrero-de-2022","status":"publish","type":"post","link":"https:\/\/archive.sana.sy\/es\/?p=292247","title":{"rendered":"Fuerzas ucranianas mataron a m\u00e1s de 4.500 civiles en Donetsk desde febrero de 2022"},"content":{"rendered":"<blockquote>\n<p style=\"text-align: justify;\"><span style=\"color: #993300;\">La oficina de representaci\u00f3n de la Rep\u00fablica en el Centro Conjunto de Monitoreo y La Coordinaci\u00f3n indic\u00f3 que hubo 4.253 heridos, incluidos 274 ni\u00f1os, mientras se registrados 16.400 bombardeos.<\/span><\/p>\n<\/blockquote>\n<p style=\"text-align: justify;\"><span style=\"color: #800000;\"><strong>Donetsk, 28 mar (SANA) <\/strong><\/span>Las autoridades de la Rep\u00fablica Popular de Donetsk anunciaron que cuatro mil 471 civiles de sus ciudadanos, incluidos 134 ni\u00f1os, perdieron la vida a manos de las fuerzas del r\u00e9gimen de Kiev desde el inicio de la operaci\u00f3n militar especial rusa.<\/p>\n<p style=\"text-align: justify;\">La oficina de representaci\u00f3n de la Rep\u00fablica en el Centro Conjunto de Monitoreo y La Coordinaci\u00f3n indic\u00f3 que hubo 4.253 heridos, incluidos 274 ni\u00f1os, mientras se registrados 16.400 bombardeos.<\/p>\n<p style=\"text-align: justify;\">Adem\u00e1s, un total de 10.200 edificios y m\u00e1s de 2.500 instalaciones de infraestructura civil fueron da\u00f1ados.<\/p>\n<p style=\"text-align: justify;\">as\/fm<\/p>\n","protected":false},"excerpt":{"rendered":"<p>La oficina de representaci\u00f3n de la Rep\u00fablica en el Centro Conjunto de Monitoreo y La Coordinaci\u00f3n indic\u00f3 que hubo 4.253 heridos, incluidos 274 ni\u00f1os, mientras se registrados 16.400 bombardeos. Donetsk, 28 mar (SANA) Las autoridades de la Rep\u00fablica Popular de Donetsk anunciaron que cuatro mil 471 civiles de sus ciudadanos, incluidos 134 ni\u00f1os, perdieron la &hellip;<\/p>\n","protected":false},"author":42,"featured_media":292248,"comment_status":"closed","ping_status":"closed","sticky":false,"template":"","format":"standard","meta":{"footnotes":""},"categories":[597,456,16687,20724,7541],"tags":[],"class_list":["post-292247","post","type-post","status-publish","format-standard","has-post-thumbnail","","category-cinta-de-noticias","category-arabe-internacional-politica","category-internacionales","category-minuto-a-minuto","category-ultimas-noticias"],"_links":{"self":[{"href":"https:\/\/archive.sana.sy\/es\/index.php?rest_route=\/wp\/v2\/posts\/292247"}],"collection":[{"href":"https:\/\/archive.sana.sy\/es\/index.php?rest_route=\/wp\/v2\/posts"}],"about":[{"href":"https:\/\/archive.sana.sy\/es\/index.php?rest_route=\/wp\/v2\/types\/post"}],"author":[{"embeddable":true,"href":"https:\/\/archive.sana.sy\/es\/index.php?rest_route=\/wp\/v2\/users\/42"}],"replies":[{"embeddable":true,"href":"https:\/\/archive.sana.sy\/es\/index.php?rest_route=%2Fwp%2Fv2%2Fcomments&post=292247"}],"version-history":[{"count":1,"href":"https:\/\/archive.sana.sy\/es\/index.php?rest_route=\/wp\/v2\/posts\/292247\/revisions"}],"predecessor-version":[{"id":292249,"href":"https:\/\/archive.sana.sy\/es\/index.php?rest_route=\/wp\/v2\/posts\/292247\/revisions\/292249"}],"wp:featuredmedia":[{"embeddable":true,"href":"https:\/\/archive.sana.sy\/es\/index.php?rest_route=\/wp\/v2\/media\/292248"}],"wp:attachment":[{"href":"https:\/\/archive.sana.sy\/es\/index.php?rest_route=%2Fwp%2Fv2%2Fmedia&parent=292247"}],"wp:term":[{"taxonomy":"category","embeddable":true,"href":"https:\/\/archive.sana.sy\/es\/index.php?rest_route=%2Fwp%2Fv2%2Fcategories&post=292247"},{"taxonomy":"post_tag","embeddable":true,"href":"https:\/\/archive.sana.sy\/es\/index.php?rest_route=%2Fwp%2Fv2%2Ftags&post=292247"}],"curies":[{"name":"wp","href":"https:\/\/api.w.org\/{rel}","templated":true}]}}