{"id":292362,"date":"2023-03-29T05:46:16","date_gmt":"2023-03-29T02:46:16","guid":{"rendered":"http:\/\/sana.sy\/es\/?p=292362"},"modified":"2023-03-29T05:46:34","modified_gmt":"2023-03-29T02:46:34","slug":"todos-somos-chinos-afirma-expresidente-de-taiwan","status":"publish","type":"post","link":"https:\/\/archive.sana.sy\/es\/?p=292362","title":{"rendered":"&#8220;Todos somos chinos&#8221;, afirma expresidente de Taiw\u00e1n"},"content":{"rendered":"<blockquote>\n<p style=\"text-align: justify;\"><span style=\"color: #993300;\">&#8220;Los habitantes de ambos lados del estrecho de Taiw\u00e1n son chinos y descendientes de los emperadores Yan y Huang&#8221;, afirm\u00f3 el primer l\u00edder de la isla, retirado o en activo, que realiza un viaje a la China continental desde 1949, cuando finaliz\u00f3 la guerra civil china.<\/span><\/p>\n<\/blockquote>\n<p style=\"text-align: justify;\"><span style=\"color: #800000;\"><strong>Pek\u00edn, 29 mar (SANA)<\/strong> <\/span>El expresidente taiwan\u00e9s Ma Ying-jeou inici\u00f3 una visita privada a la China e hizo un llamado a la paz entre Taip\u00e9i y Pek\u00edn.<\/p>\n<p style=\"text-align: justify;\">&#8220;Todos somos chinos&#8221;, declar\u00f3 Ma en la ciudad de Nank\u00edn, donde habl\u00f3 ante el mausoleo de Sun Yat-sen, primer presidente de la Rep\u00fablica de China.<\/p>\n<p style=\"text-align: justify;\">&#8220;Los habitantes de ambos lados del estrecho de Taiw\u00e1n son chinos y descendientes de los emperadores Yan y Huang&#8221;, afirm\u00f3 el primer l\u00edder de la isla, retirado o en activo, que realiza un viaje a la China continental desde 1949, cuando finaliz\u00f3 la guerra civil china.<\/p>\n<p style=\"text-align: justify;\">Utilizando palabras que resaltan la etnicidad m\u00e1s que la nacionalidad china, Ma expres\u00f3 su esperanza de que &#8220;ambas partes trabajen juntas para buscar la paz, evitar la guerra y esforzarse por revitalizar China&#8221;, tareas que describi\u00f3 como una &#8220;responsabilidad ineludible del pueblo chino en ambos lados del estrecho&#8221;.<\/p>\n<p style=\"text-align: justify;\">fm<\/p>\n","protected":false},"excerpt":{"rendered":"<p>&#8220;Los habitantes de ambos lados del estrecho de Taiw\u00e1n son chinos y descendientes de los emperadores Yan y Huang&#8221;, afirm\u00f3 el primer l\u00edder de la isla, retirado o en activo, que realiza un viaje a la China continental desde 1949, cuando finaliz\u00f3 la guerra civil china. Pek\u00edn, 29 mar (SANA) El expresidente taiwan\u00e9s Ma Ying-jeou &hellip;<\/p>\n","protected":false},"author":34,"featured_media":292363,"comment_status":"closed","ping_status":"closed","sticky":false,"template":"","format":"standard","meta":{"footnotes":""},"categories":[597,456,20724,7541,1],"tags":[],"class_list":["post-292362","post","type-post","status-publish","format-standard","has-post-thumbnail","","category-cinta-de-noticias","category-arabe-internacional-politica","category-minuto-a-minuto","category-ultimas-noticias","category-news-not-sorted"],"_links":{"self":[{"href":"https:\/\/archive.sana.sy\/es\/index.php?rest_route=\/wp\/v2\/posts\/292362"}],"collection":[{"href":"https:\/\/archive.sana.sy\/es\/index.php?rest_route=\/wp\/v2\/posts"}],"about":[{"href":"https:\/\/archive.sana.sy\/es\/index.php?rest_route=\/wp\/v2\/types\/post"}],"author":[{"embeddable":true,"href":"https:\/\/archive.sana.sy\/es\/index.php?rest_route=\/wp\/v2\/users\/34"}],"replies":[{"embeddable":true,"href":"https:\/\/archive.sana.sy\/es\/index.php?rest_route=%2Fwp%2Fv2%2Fcomments&post=292362"}],"version-history":[{"count":1,"href":"https:\/\/archive.sana.sy\/es\/index.php?rest_route=\/wp\/v2\/posts\/292362\/revisions"}],"predecessor-version":[{"id":292364,"href":"https:\/\/archive.sana.sy\/es\/index.php?rest_route=\/wp\/v2\/posts\/292362\/revisions\/292364"}],"wp:featuredmedia":[{"embeddable":true,"href":"https:\/\/archive.sana.sy\/es\/index.php?rest_route=\/wp\/v2\/media\/292363"}],"wp:attachment":[{"href":"https:\/\/archive.sana.sy\/es\/index.php?rest_route=%2Fwp%2Fv2%2Fmedia&parent=292362"}],"wp:term":[{"taxonomy":"category","embeddable":true,"href":"https:\/\/archive.sana.sy\/es\/index.php?rest_route=%2Fwp%2Fv2%2Fcategories&post=292362"},{"taxonomy":"post_tag","embeddable":true,"href":"https:\/\/archive.sana.sy\/es\/index.php?rest_route=%2Fwp%2Fv2%2Ftags&post=292362"}],"curies":[{"name":"wp","href":"https:\/\/api.w.org\/{rel}","templated":true}]}}