{"id":292365,"date":"2023-03-29T05:59:49","date_gmt":"2023-03-29T02:59:49","guid":{"rendered":"http:\/\/sana.sy\/es\/?p=292365"},"modified":"2023-03-29T05:59:49","modified_gmt":"2023-03-29T02:59:49","slug":"corea-del-norte-revela-cabezas-nucleares-pequenas-que-se-pueden-montar-en-misiles-balisticos","status":"publish","type":"post","link":"https:\/\/archive.sana.sy\/es\/?p=292365","title":{"rendered":"Corea del Norte revela cabezas nucleares peque\u00f1as que se pueden montar en misiles bal\u00edsticos"},"content":{"rendered":"<blockquote>\n<p style=\"text-align: justify;\"><span style=\"color: #993300;\">&#8220;Las im\u00e1genes difundidas indican avances en la miniaturizaci\u00f3n de cabezas nucleares potentes, que ser\u00edan lo bastante peque\u00f1as como para montarlas en misiles bal\u00edsticos intercontinentales capaces de alcanzar EE.UU.&#8221;<\/span><\/p>\n<\/blockquote>\n<p style=\"text-align: justify;\"><span style=\"color: #800000;\">Piongyang, 29 mar (SANA)<\/span> Corea del Norte desvel\u00f3 nuevas cabezas nucleares peque\u00f1as que pueden montarse en misiles bal\u00edsticos.<\/p>\n<p style=\"text-align: justify;\">Las im\u00e1genes fueron difundidas luego de la visita del l\u00edder norcoreano, Kim Jong-un, al Instituto de Armas Nucleares, donde inspeccion\u00f3 nuevas armas nucleares t\u00e1cticas y tecnolog\u00eda para montar cabezas nucleares en misiles bal\u00edsticos, as\u00ed como planes de operaciones de contrataque nuclear.<\/p>\n<figure id=\"attachment_292367\" aria-describedby=\"caption-attachment-292367\" style=\"width: 300px\" class=\"wp-caption alignleft\"><img loading=\"lazy\" decoding=\"async\" class=\"size-medium wp-image-292367\" src=\"http:\/\/sana.sy\/es\/wp-content\/uploads\/2023\/03\/6422e87359bf5b4677287b9b-300x199.jpeg\" alt=\"Corea del Norte revela cabezas nucleares peque\u00f1as que se pueden montar en misiles bal\u00edsticos\" width=\"300\" height=\"199\" srcset=\"https:\/\/archive.sana.sy\/es\/wp-content\/uploads\/2023\/03\/6422e87359bf5b4677287b9b-300x199.jpeg 300w, https:\/\/archive.sana.sy\/es\/wp-content\/uploads\/2023\/03\/6422e87359bf5b4677287b9b-1024x679.jpeg 1024w, https:\/\/archive.sana.sy\/es\/wp-content\/uploads\/2023\/03\/6422e87359bf5b4677287b9b-150x99.jpeg 150w, https:\/\/archive.sana.sy\/es\/wp-content\/uploads\/2023\/03\/6422e87359bf5b4677287b9b-768x509.jpeg 768w, https:\/\/archive.sana.sy\/es\/wp-content\/uploads\/2023\/03\/6422e87359bf5b4677287b9b-310x205.jpeg 310w, https:\/\/archive.sana.sy\/es\/wp-content\/uploads\/2023\/03\/6422e87359bf5b4677287b9b.jpeg 1104w\" sizes=\"(max-width: 300px) 100vw, 300px\" \/><figcaption id=\"caption-attachment-292367\" class=\"wp-caption-text\"><br \/>El l\u00edder norcoreano, Kim Jong-un, de visita al Instituto de Armas Nucleares<\/figcaption><\/figure>\n<p style=\"text-align: justify;\">Paralelamente, el l\u00edder norcoreano orden\u00f3 aumentar la producci\u00f3n de materiales nucleares aptos para armamento con el fin de mejorar la capacidad nuclear del pa\u00eds.<\/p>\n<p style=\"text-align: justify;\">Expertos citados por Reuters, se\u00f1alan que las im\u00e1genes difundidas indican avances en la miniaturizaci\u00f3n de cabezas nucleares potentes, que ser\u00edan lo bastante peque\u00f1as como para montarlas en misiles bal\u00edsticos intercontinentales capaces de alcanzar EE.UU.<\/p>\n<p style=\"text-align: justify;\">fm<\/p>\n","protected":false},"excerpt":{"rendered":"<p>&#8220;Las im\u00e1genes difundidas indican avances en la miniaturizaci\u00f3n de cabezas nucleares potentes, que ser\u00edan lo bastante peque\u00f1as como para montarlas en misiles bal\u00edsticos intercontinentales capaces de alcanzar EE.UU.&#8221; Piongyang, 29 mar (SANA) Corea del Norte desvel\u00f3 nuevas cabezas nucleares peque\u00f1as que pueden montarse en misiles bal\u00edsticos. Las im\u00e1genes fueron difundidas luego de la visita del &hellip;<\/p>\n","protected":false},"author":34,"featured_media":292366,"comment_status":"closed","ping_status":"closed","sticky":false,"template":"","format":"standard","meta":{"footnotes":""},"categories":[597,456,20724,7541],"tags":[],"class_list":["post-292365","post","type-post","status-publish","format-standard","has-post-thumbnail","","category-cinta-de-noticias","category-arabe-internacional-politica","category-minuto-a-minuto","category-ultimas-noticias"],"_links":{"self":[{"href":"https:\/\/archive.sana.sy\/es\/index.php?rest_route=\/wp\/v2\/posts\/292365"}],"collection":[{"href":"https:\/\/archive.sana.sy\/es\/index.php?rest_route=\/wp\/v2\/posts"}],"about":[{"href":"https:\/\/archive.sana.sy\/es\/index.php?rest_route=\/wp\/v2\/types\/post"}],"author":[{"embeddable":true,"href":"https:\/\/archive.sana.sy\/es\/index.php?rest_route=\/wp\/v2\/users\/34"}],"replies":[{"embeddable":true,"href":"https:\/\/archive.sana.sy\/es\/index.php?rest_route=%2Fwp%2Fv2%2Fcomments&post=292365"}],"version-history":[{"count":1,"href":"https:\/\/archive.sana.sy\/es\/index.php?rest_route=\/wp\/v2\/posts\/292365\/revisions"}],"predecessor-version":[{"id":292368,"href":"https:\/\/archive.sana.sy\/es\/index.php?rest_route=\/wp\/v2\/posts\/292365\/revisions\/292368"}],"wp:featuredmedia":[{"embeddable":true,"href":"https:\/\/archive.sana.sy\/es\/index.php?rest_route=\/wp\/v2\/media\/292366"}],"wp:attachment":[{"href":"https:\/\/archive.sana.sy\/es\/index.php?rest_route=%2Fwp%2Fv2%2Fmedia&parent=292365"}],"wp:term":[{"taxonomy":"category","embeddable":true,"href":"https:\/\/archive.sana.sy\/es\/index.php?rest_route=%2Fwp%2Fv2%2Fcategories&post=292365"},{"taxonomy":"post_tag","embeddable":true,"href":"https:\/\/archive.sana.sy\/es\/index.php?rest_route=%2Fwp%2Fv2%2Ftags&post=292365"}],"curies":[{"name":"wp","href":"https:\/\/api.w.org\/{rel}","templated":true}]}}