{"id":292385,"date":"2023-03-29T10:16:58","date_gmt":"2023-03-29T07:16:58","guid":{"rendered":"http:\/\/sana.sy\/es\/?p=292385"},"modified":"2023-03-29T10:27:53","modified_gmt":"2023-03-29T07:27:53","slug":"cambio-ministerial-incluye-cinco-carteras-en-el-gabinete","status":"publish","type":"post","link":"https:\/\/archive.sana.sy\/es\/?p=292385","title":{"rendered":"Cambio ministerial incluye cinco carteras en el gabinete"},"content":{"rendered":"<p style=\"text-align: justify;\"><span style=\"color: #800000;\"><strong>Damasco, 29 mar (SANA)\u00a0<\/strong> <\/span>\u00a0El presidente Bashar Al-Assad, emiti\u00f3 un decreto que estipula un cambio de cinco ministros en el actual Gobierno.<\/p>\n<p style=\"text-align: justify;\">El decreto que lleva el n\u00famero 91 del a\u00f1o 2023, nombra a:<\/p>\n<p style=\"text-align: justify;\">&#8211; Dr. Firas Hassan Kaddour como ministro de Petr\u00f3leo y Recursos Minerales.<\/p>\n<p style=\"text-align: justify;\">&#8211; Mohsen Abdel Karim Ali como ministro de Comercio Interior y Protecci\u00f3n al Consumidor.<\/p>\n<p style=\"text-align: justify;\">&#8211; Abdel Qader Jokhadar como ministro de Industria.<\/p>\n<p style=\"text-align: justify;\">&#8211; Louay Emad El-Din Al-Munajjid como ministro de Asuntos Sociales y Trabajo.<\/p>\n<p style=\"text-align: justify;\">&#8211; Ahmed Bostechi, como ministro de Estado.<\/p>\n","protected":false},"excerpt":{"rendered":"<p>Damasco, 29 mar (SANA)\u00a0 \u00a0El presidente Bashar Al-Assad, emiti\u00f3 un decreto que estipula un cambio de cinco ministros en el actual Gobierno. El decreto que lleva el n\u00famero 91 del a\u00f1o 2023, nombra a: &#8211; Dr. Firas Hassan Kaddour como ministro de Petr\u00f3leo y Recursos Minerales. &#8211; Mohsen Abdel Karim Ali como ministro de Comercio &hellip;<\/p>\n","protected":false},"author":35,"featured_media":292386,"comment_status":"closed","ping_status":"closed","sticky":false,"template":"","format":"standard","meta":{"footnotes":""},"categories":[477,447,597,20724,476,16237,583],"tags":[],"class_list":["post-292385","post","type-post","status-publish","format-standard","has-post-thumbnail","","category-noticias-edulcorantes","category-local-politica","category-cinta-de-noticias","category-minuto-a-minuto","category-locales","category-presidence-de-la-republique-arabe-syria","category-slide"],"_links":{"self":[{"href":"https:\/\/archive.sana.sy\/es\/index.php?rest_route=\/wp\/v2\/posts\/292385"}],"collection":[{"href":"https:\/\/archive.sana.sy\/es\/index.php?rest_route=\/wp\/v2\/posts"}],"about":[{"href":"https:\/\/archive.sana.sy\/es\/index.php?rest_route=\/wp\/v2\/types\/post"}],"author":[{"embeddable":true,"href":"https:\/\/archive.sana.sy\/es\/index.php?rest_route=\/wp\/v2\/users\/35"}],"replies":[{"embeddable":true,"href":"https:\/\/archive.sana.sy\/es\/index.php?rest_route=%2Fwp%2Fv2%2Fcomments&post=292385"}],"version-history":[{"count":2,"href":"https:\/\/archive.sana.sy\/es\/index.php?rest_route=\/wp\/v2\/posts\/292385\/revisions"}],"predecessor-version":[{"id":292388,"href":"https:\/\/archive.sana.sy\/es\/index.php?rest_route=\/wp\/v2\/posts\/292385\/revisions\/292388"}],"wp:featuredmedia":[{"embeddable":true,"href":"https:\/\/archive.sana.sy\/es\/index.php?rest_route=\/wp\/v2\/media\/292386"}],"wp:attachment":[{"href":"https:\/\/archive.sana.sy\/es\/index.php?rest_route=%2Fwp%2Fv2%2Fmedia&parent=292385"}],"wp:term":[{"taxonomy":"category","embeddable":true,"href":"https:\/\/archive.sana.sy\/es\/index.php?rest_route=%2Fwp%2Fv2%2Fcategories&post=292385"},{"taxonomy":"post_tag","embeddable":true,"href":"https:\/\/archive.sana.sy\/es\/index.php?rest_route=%2Fwp%2Fv2%2Ftags&post=292385"}],"curies":[{"name":"wp","href":"https:\/\/api.w.org\/{rel}","templated":true}]}}