{"id":292401,"date":"2023-03-29T12:33:34","date_gmt":"2023-03-29T09:33:34","guid":{"rendered":"http:\/\/sana.sy\/es\/?p=292401"},"modified":"2023-03-29T12:34:41","modified_gmt":"2023-03-29T09:34:41","slug":"dron-israeli-viola-el-espacio-aereo-libanes-y-lanza-una-bomba-de-humo","status":"publish","type":"post","link":"https:\/\/archive.sana.sy\/es\/?p=292401","title":{"rendered":"Dron israel\u00ed viola el espacio a\u00e9reo liban\u00e9s y lanza una bomba de humo"},"content":{"rendered":"<blockquote>\n<p style=\"text-align: justify;\"><span style=\"color: #800000;\">Un dron israel\u00ed viol\u00f3 hoy el espacio a\u00e9reo liban\u00e9s y arroj\u00f3 una bomba de humo hacia un grupo de j\u00f3venes en la ciudad de Kafr Kila, en la regi\u00f3n de Marjayoun, en el sur del L\u00edbano.<\/span><\/p>\n<\/blockquote>\n<p style=\"text-align: justify;\"><span style=\"color: #800000;\"><strong>Beirut, 29 mar (SANA)\u00a0\u00a0<\/strong> <\/span>Un dron israel\u00ed viol\u00f3 hoy el espacio a\u00e9reo liban\u00e9s y arroj\u00f3 una bomba de humo hacia un grupo de j\u00f3venes en la ciudad de Kafr Kila, en la regi\u00f3n de Marjayoun, en el sur del L\u00edbano.<\/p>\n<p style=\"text-align: justify;\">La Agencia Nacional de Noticias del L\u00edbano difundi\u00f3 que la explosi\u00f3n de esta bomba no provoc\u00f3 heridos entre los j\u00f3venes.<\/p>\n<p style=\"text-align: justify;\">Las fuerzas de ocupaci\u00f3n israel\u00edes y sus aviones de combate y drones contin\u00faan con sus violaciones diarias al espacio a\u00e9reo liban\u00e9s, en clara violaci\u00f3n de las resoluciones internacionales.<\/p>\n<p style=\"text-align: justify;\"><strong>fm\/ws<\/strong><\/p>\n","protected":false},"excerpt":{"rendered":"<p>Un dron israel\u00ed viol\u00f3 hoy el espacio a\u00e9reo liban\u00e9s y arroj\u00f3 una bomba de humo hacia un grupo de j\u00f3venes en la ciudad de Kafr Kila, en la regi\u00f3n de Marjayoun, en el sur del L\u00edbano. Beirut, 29 mar (SANA)\u00a0\u00a0 Un dron israel\u00ed viol\u00f3 hoy el espacio a\u00e9reo liban\u00e9s y arroj\u00f3 una bomba de humo &hellip;<\/p>\n","protected":false},"author":35,"featured_media":292402,"comment_status":"closed","ping_status":"closed","sticky":false,"template":"","format":"standard","meta":{"footnotes":""},"categories":[1],"tags":[],"class_list":["post-292401","post","type-post","status-publish","format-standard","has-post-thumbnail","","category-news-not-sorted"],"_links":{"self":[{"href":"https:\/\/archive.sana.sy\/es\/index.php?rest_route=\/wp\/v2\/posts\/292401"}],"collection":[{"href":"https:\/\/archive.sana.sy\/es\/index.php?rest_route=\/wp\/v2\/posts"}],"about":[{"href":"https:\/\/archive.sana.sy\/es\/index.php?rest_route=\/wp\/v2\/types\/post"}],"author":[{"embeddable":true,"href":"https:\/\/archive.sana.sy\/es\/index.php?rest_route=\/wp\/v2\/users\/35"}],"replies":[{"embeddable":true,"href":"https:\/\/archive.sana.sy\/es\/index.php?rest_route=%2Fwp%2Fv2%2Fcomments&post=292401"}],"version-history":[{"count":2,"href":"https:\/\/archive.sana.sy\/es\/index.php?rest_route=\/wp\/v2\/posts\/292401\/revisions"}],"predecessor-version":[{"id":292404,"href":"https:\/\/archive.sana.sy\/es\/index.php?rest_route=\/wp\/v2\/posts\/292401\/revisions\/292404"}],"wp:featuredmedia":[{"embeddable":true,"href":"https:\/\/archive.sana.sy\/es\/index.php?rest_route=\/wp\/v2\/media\/292402"}],"wp:attachment":[{"href":"https:\/\/archive.sana.sy\/es\/index.php?rest_route=%2Fwp%2Fv2%2Fmedia&parent=292401"}],"wp:term":[{"taxonomy":"category","embeddable":true,"href":"https:\/\/archive.sana.sy\/es\/index.php?rest_route=%2Fwp%2Fv2%2Fcategories&post=292401"},{"taxonomy":"post_tag","embeddable":true,"href":"https:\/\/archive.sana.sy\/es\/index.php?rest_route=%2Fwp%2Fv2%2Ftags&post=292401"}],"curies":[{"name":"wp","href":"https:\/\/api.w.org\/{rel}","templated":true}]}}