{"id":292413,"date":"2023-03-29T14:32:15","date_gmt":"2023-03-29T11:32:15","guid":{"rendered":"http:\/\/sana.sy\/es\/?p=292413"},"modified":"2023-03-29T14:32:15","modified_gmt":"2023-03-29T11:32:15","slug":"dron-ucraniano-ataca-planta-de-gas-en-belgorod-rusia","status":"publish","type":"post","link":"https:\/\/archive.sana.sy\/es\/?p=292413","title":{"rendered":"Dron ucraniano ataca planta de gas en Belgorod, Rusia"},"content":{"rendered":"<p style=\"text-align: justify;\"><span style=\"color: #800000;\"><strong>Mosc\u00fa, 29 mar (SANA)<\/strong><\/span> Una fuente de seguridad rusa inform\u00f3 que un dron ucraniano atac\u00f3 con una bomba una estaci\u00f3n de bombeo de gas en la ciudad rusa de Belgorod.<\/p>\n<p style=\"text-align: justify;\">\u201cDurante la inspecci\u00f3n en el lugar, se detectaron da\u00f1os en un tanque y una tuber\u00eda de gas sin que se produjera un incendio\u201d, indic\u00f3 la fuente citada por el peri\u00f3dico Izvestia, y agreg\u00f3 que el accidente no provoc\u00f3 heridos.<\/p>\n<p style=\"text-align: justify;\">Seg\u00fan informaci\u00f3n preliminar, este dron fue lanzada desde la ciudad de Volchansk en la regi\u00f3n de J\u00e1rkov, que est\u00e1 bajo el control de las fuerzas del r\u00e9gimen de Kiev.<\/p>\n<p style=\"text-align: justify;\">fm\/as<\/p>\n","protected":false},"excerpt":{"rendered":"<p>Mosc\u00fa, 29 mar (SANA) Una fuente de seguridad rusa inform\u00f3 que un dron ucraniano atac\u00f3 con una bomba una estaci\u00f3n de bombeo de gas en la ciudad rusa de Belgorod. \u201cDurante la inspecci\u00f3n en el lugar, se detectaron da\u00f1os en un tanque y una tuber\u00eda de gas sin que se produjera un incendio\u201d, indic\u00f3 la &hellip;<\/p>\n","protected":false},"author":42,"featured_media":292414,"comment_status":"closed","ping_status":"closed","sticky":false,"template":"","format":"standard","meta":{"footnotes":""},"categories":[597,456,16687,20724,7541],"tags":[],"class_list":["post-292413","post","type-post","status-publish","format-standard","has-post-thumbnail","","category-cinta-de-noticias","category-arabe-internacional-politica","category-internacionales","category-minuto-a-minuto","category-ultimas-noticias"],"_links":{"self":[{"href":"https:\/\/archive.sana.sy\/es\/index.php?rest_route=\/wp\/v2\/posts\/292413"}],"collection":[{"href":"https:\/\/archive.sana.sy\/es\/index.php?rest_route=\/wp\/v2\/posts"}],"about":[{"href":"https:\/\/archive.sana.sy\/es\/index.php?rest_route=\/wp\/v2\/types\/post"}],"author":[{"embeddable":true,"href":"https:\/\/archive.sana.sy\/es\/index.php?rest_route=\/wp\/v2\/users\/42"}],"replies":[{"embeddable":true,"href":"https:\/\/archive.sana.sy\/es\/index.php?rest_route=%2Fwp%2Fv2%2Fcomments&post=292413"}],"version-history":[{"count":1,"href":"https:\/\/archive.sana.sy\/es\/index.php?rest_route=\/wp\/v2\/posts\/292413\/revisions"}],"predecessor-version":[{"id":292415,"href":"https:\/\/archive.sana.sy\/es\/index.php?rest_route=\/wp\/v2\/posts\/292413\/revisions\/292415"}],"wp:featuredmedia":[{"embeddable":true,"href":"https:\/\/archive.sana.sy\/es\/index.php?rest_route=\/wp\/v2\/media\/292414"}],"wp:attachment":[{"href":"https:\/\/archive.sana.sy\/es\/index.php?rest_route=%2Fwp%2Fv2%2Fmedia&parent=292413"}],"wp:term":[{"taxonomy":"category","embeddable":true,"href":"https:\/\/archive.sana.sy\/es\/index.php?rest_route=%2Fwp%2Fv2%2Fcategories&post=292413"},{"taxonomy":"post_tag","embeddable":true,"href":"https:\/\/archive.sana.sy\/es\/index.php?rest_route=%2Fwp%2Fv2%2Ftags&post=292413"}],"curies":[{"name":"wp","href":"https:\/\/api.w.org\/{rel}","templated":true}]}}