{"id":292563,"date":"2023-03-30T13:40:53","date_gmt":"2023-03-30T10:40:53","guid":{"rendered":"https:\/\/sana.sy\/es\/?p=292563"},"modified":"2023-03-30T13:40:53","modified_gmt":"2023-03-30T10:40:53","slug":"cancilleres-de-siria-y-sudan-sostienen-conversaciones","status":"publish","type":"post","link":"https:\/\/archive.sana.sy\/es\/?p=292563","title":{"rendered":"Cancilleres de Siria y Sud\u00e1n sostienen conversaciones"},"content":{"rendered":"<blockquote>\n<p style=\"text-align: justify;\"><span style=\"color: #993300;\">El Canciller Al-Mekdad reiter\u00f3 la voluntad de trabajar en estrecha colaboraci\u00f3n con los hermanos en Sud\u00e1n para hacer frente todos los desaf\u00edos que enfrenta la acci\u00f3n \u00e1rabe conjunta.<\/span><\/p>\n<\/blockquote>\n<p style=\"text-align: justify;\"><span style=\"color: #800000;\"><strong>Damasco, 30 mar (SANA)<\/strong> <\/span>El ministro de Asuntos Exteriores y Expatriados, Faisal Al-Mekdad, convers\u00f3 telef\u00f3nicamente con su hom\u00f3logo de la Rep\u00fablica de Sud\u00e1n, Ali Al-Sadiq Ali, sobre las relaciones bilaterales y las v\u00edas de impulsarlas.<\/p>\n<p style=\"text-align: justify;\">El Canciller reiter\u00f3 la voluntad de trabajar en estrecha colaboraci\u00f3n con los hermanos en Sud\u00e1n para hacer frente todos los desaf\u00edos que enfrenta la acci\u00f3n \u00e1rabe conjunta.<\/p>\n<p style=\"text-align: justify;\">Destac\u00f3 el importante papel de Sud\u00e1n en los escenarios \u00e1rabe y africano, y subray\u00f3 la determinaci\u00f3n de Damasco por profundizar sus relaciones con Jartum en varios campos.<\/p>\n<p style=\"text-align: justify;\">A su vez, el jefe de la diplomacia sudanesa afirm\u00f3 que las relaciones con Siria son buenas y profundas.<\/p>\n<p style=\"text-align: justify;\">Tenemos plena confianza en que Siria ejerza su importante papel y ocupe su merecido lugar, en beneficio de los intereses \u00e1rabes y de la seguridad y estabilidad en la regi\u00f3n, indic\u00f3.<\/p>\n<p style=\"text-align: justify;\">fm\/as<\/p>\n","protected":false},"excerpt":{"rendered":"<p>El Canciller Al-Mekdad reiter\u00f3 la voluntad de trabajar en estrecha colaboraci\u00f3n con los hermanos en Sud\u00e1n para hacer frente todos los desaf\u00edos que enfrenta la acci\u00f3n \u00e1rabe conjunta. Damasco, 30 mar (SANA) El ministro de Asuntos Exteriores y Expatriados, Faisal Al-Mekdad, convers\u00f3 telef\u00f3nicamente con su hom\u00f3logo de la Rep\u00fablica de Sud\u00e1n, Ali Al-Sadiq Ali, sobre &hellip;<\/p>\n","protected":false},"author":42,"featured_media":292564,"comment_status":"closed","ping_status":"closed","sticky":false,"template":"","format":"standard","meta":{"footnotes":""},"categories":[597,20724,467,583],"tags":[],"class_list":["post-292563","post","type-post","status-publish","format-standard","has-post-thumbnail","","category-cinta-de-noticias","category-minuto-a-minuto","category-siria-y-el-mundo","category-slide"],"_links":{"self":[{"href":"https:\/\/archive.sana.sy\/es\/index.php?rest_route=\/wp\/v2\/posts\/292563"}],"collection":[{"href":"https:\/\/archive.sana.sy\/es\/index.php?rest_route=\/wp\/v2\/posts"}],"about":[{"href":"https:\/\/archive.sana.sy\/es\/index.php?rest_route=\/wp\/v2\/types\/post"}],"author":[{"embeddable":true,"href":"https:\/\/archive.sana.sy\/es\/index.php?rest_route=\/wp\/v2\/users\/42"}],"replies":[{"embeddable":true,"href":"https:\/\/archive.sana.sy\/es\/index.php?rest_route=%2Fwp%2Fv2%2Fcomments&post=292563"}],"version-history":[{"count":1,"href":"https:\/\/archive.sana.sy\/es\/index.php?rest_route=\/wp\/v2\/posts\/292563\/revisions"}],"predecessor-version":[{"id":292565,"href":"https:\/\/archive.sana.sy\/es\/index.php?rest_route=\/wp\/v2\/posts\/292563\/revisions\/292565"}],"wp:featuredmedia":[{"embeddable":true,"href":"https:\/\/archive.sana.sy\/es\/index.php?rest_route=\/wp\/v2\/media\/292564"}],"wp:attachment":[{"href":"https:\/\/archive.sana.sy\/es\/index.php?rest_route=%2Fwp%2Fv2%2Fmedia&parent=292563"}],"wp:term":[{"taxonomy":"category","embeddable":true,"href":"https:\/\/archive.sana.sy\/es\/index.php?rest_route=%2Fwp%2Fv2%2Fcategories&post=292563"},{"taxonomy":"post_tag","embeddable":true,"href":"https:\/\/archive.sana.sy\/es\/index.php?rest_route=%2Fwp%2Fv2%2Ftags&post=292563"}],"curies":[{"name":"wp","href":"https:\/\/api.w.org\/{rel}","templated":true}]}}