{"id":292570,"date":"2023-03-30T14:34:00","date_gmt":"2023-03-30T11:34:00","guid":{"rendered":"https:\/\/sana.sy\/es\/?p=292570"},"modified":"2023-03-30T14:36:08","modified_gmt":"2023-03-30T11:36:08","slug":"israel-debe-rendir-cuentas-por-sus-agresiones-para-que-la-region-goce-de-estabilidad-afirma-damasco","status":"publish","type":"post","link":"https:\/\/archive.sana.sy\/es\/?p=292570","title":{"rendered":"\u201cIsrael\u201d debe rendir cuentas por sus agresiones para que la regi\u00f3n goce de estabilidad, afirma Damasco"},"content":{"rendered":"<p style=\"text-align: justify;\"><span style=\"color: #800000;\"><strong>Damasco, 30 mar (SANA)<\/strong> <\/span>Siria denunci\u00f3 hoy la reciente agresi\u00f3n israel\u00ed perpetrada contra algunos puntos en las inmediaciones de Damasco, y afirm\u00f3 que la Regi\u00f3n no puede gozar de paz y estabilidad si no se pone fin a la ocupaci\u00f3n y sin que Israel rinda cuentas por sus repetidas agresiones.<\/p>\n<p style=\"text-align: justify;\">\u201cLa agresi\u00f3n terrorista israel\u00ed que tuvo como objetivo algunos puntos en las inmediaciones de la ciudad de Damasco esta madrugada del jueves, es m\u00e1s que una continuaci\u00f3n del enfoque fascista de la entidad israel\u00ed hacia los pueblos y pa\u00edses de la regi\u00f3n, afirm\u00f3 una declaraci\u00f3n emitida hoy por el Ministerio de Relaciones Exteriores y Expatriados.<\/p>\n<p style=\"text-align: justify;\">Agreg\u00f3 que esta agresi\u00f3n constituye un intento del gobierno israel\u00ed de huir de la fragmentaci\u00f3n interna que est\u00e1 presenciando.<\/p>\n<p style=\"text-align: justify;\">\u201cLa regi\u00f3n no puede gozar de paz y estabilidad si no se pone fin a la ocupaci\u00f3n israel\u00ed y sus repetidos ataques, y sin Israel no rinda cuentas por los cr\u00edmenes que comete.<\/p>\n<p style=\"text-align: justify;\"><strong>Nota en desarrollo..<\/strong><\/p>\n<p style=\"text-align: justify;\">fm\/as<\/p>\n","protected":false},"excerpt":{"rendered":"<p>Damasco, 30 mar (SANA) Siria denunci\u00f3 hoy la reciente agresi\u00f3n israel\u00ed perpetrada contra algunos puntos en las inmediaciones de Damasco, y afirm\u00f3 que la Regi\u00f3n no puede gozar de paz y estabilidad si no se pone fin a la ocupaci\u00f3n y sin que Israel rinda cuentas por sus repetidas agresiones. \u201cLa agresi\u00f3n terrorista israel\u00ed que &hellip;<\/p>\n","protected":false},"author":42,"featured_media":291621,"comment_status":"closed","ping_status":"closed","sticky":false,"template":"","format":"standard","meta":{"footnotes":""},"categories":[477,597,20724,583],"tags":[],"class_list":["post-292570","post","type-post","status-publish","format-standard","has-post-thumbnail","","category-noticias-edulcorantes","category-cinta-de-noticias","category-minuto-a-minuto","category-slide"],"_links":{"self":[{"href":"https:\/\/archive.sana.sy\/es\/index.php?rest_route=\/wp\/v2\/posts\/292570"}],"collection":[{"href":"https:\/\/archive.sana.sy\/es\/index.php?rest_route=\/wp\/v2\/posts"}],"about":[{"href":"https:\/\/archive.sana.sy\/es\/index.php?rest_route=\/wp\/v2\/types\/post"}],"author":[{"embeddable":true,"href":"https:\/\/archive.sana.sy\/es\/index.php?rest_route=\/wp\/v2\/users\/42"}],"replies":[{"embeddable":true,"href":"https:\/\/archive.sana.sy\/es\/index.php?rest_route=%2Fwp%2Fv2%2Fcomments&post=292570"}],"version-history":[{"count":2,"href":"https:\/\/archive.sana.sy\/es\/index.php?rest_route=\/wp\/v2\/posts\/292570\/revisions"}],"predecessor-version":[{"id":292572,"href":"https:\/\/archive.sana.sy\/es\/index.php?rest_route=\/wp\/v2\/posts\/292570\/revisions\/292572"}],"wp:featuredmedia":[{"embeddable":true,"href":"https:\/\/archive.sana.sy\/es\/index.php?rest_route=\/wp\/v2\/media\/291621"}],"wp:attachment":[{"href":"https:\/\/archive.sana.sy\/es\/index.php?rest_route=%2Fwp%2Fv2%2Fmedia&parent=292570"}],"wp:term":[{"taxonomy":"category","embeddable":true,"href":"https:\/\/archive.sana.sy\/es\/index.php?rest_route=%2Fwp%2Fv2%2Fcategories&post=292570"},{"taxonomy":"post_tag","embeddable":true,"href":"https:\/\/archive.sana.sy\/es\/index.php?rest_route=%2Fwp%2Fv2%2Ftags&post=292570"}],"curies":[{"name":"wp","href":"https:\/\/api.w.org\/{rel}","templated":true}]}}